{"id":25913,"date":"2025-12-26T15:46:23","date_gmt":"2025-12-26T22:46:23","guid":{"rendered":"https:\/\/elreporterodelacomunidad.com\/?p=25913"},"modified":"2025-12-26T15:46:35","modified_gmt":"2025-12-26T22:46:35","slug":"cateo-interinstitucional-en-sonoyta-deja-cuatro-detenidos-y-aseguramiento-de-droga","status":"publish","type":"post","link":"https:\/\/elreporterodelacomunidad.com\/index.php\/2025\/12\/26\/cateo-interinstitucional-en-sonoyta-deja-cuatro-detenidos-y-aseguramiento-de-droga\/","title":{"rendered":"Cateo interinstitucional en Sonoyta deja cuatro detenidos y aseguramiento de droga"},"content":{"rendered":"\n<p>General Plutarco El\u00edas Calles, Sonora, 26 de diciembre de 2025.- En operativo coordinado entre la Agencia Ministerial de Investigaci\u00f3n Criminal (AMIC), la Secretar\u00eda de la Defensa Nacional (DEFENSA) y la Guardia Nacional (GN) deriv\u00f3 en el aseguramiento de droga y la detenci\u00f3n de cuatro personas durante una diligencia de cateo realizada en Sonoyta.<\/p>\n\n\n\n<p>La acci\u00f3n judicial se realiz\u00f3 en un inmueble ubicado en la calle Yerbabuena esquina con La Presa, colonia La Copa, dentro del municipio de General Plutarco El\u00edas Calles, como parte de investigaciones por delitos contra la salud en su modalidad de narcomenudeo.<\/p>\n\n\n\n<p>Como resultado del cateo, fueron detenidas Jes\u00fas Uriel \u201cN\u201d, de 22 a\u00f1os; El\u00edas \u201cN\u201d, de 27; Pl\u00e1cida \u201cN\u201d, de 47, y Yudith Isabel \u201cN\u201d, de 29 a\u00f1os, quienes quedaron a disposici\u00f3n del Agente del Ministerio P\u00fablico para el seguimiento legal correspondiente.<\/p>\n\n\n\n<p>Durante la intervenci\u00f3n se aseguraron 18 envoltorios con metanfetamina, 11 envoltorios con marihuana, as\u00ed como una videoc\u00e1mara tipo \u201cc\u00e1mara par\u00e1sita\u201d, presuntamente utilizada para labores de vigilancia il\u00edcita en el sector.<\/p>\n\n\n\n<p>Los indicios fueron debidamente embalados y procesados por peritos de la Fiscal\u00eda, integr\u00e1ndose a la carpeta de investigaci\u00f3n para el fortalecimiento de las imputaciones.<\/p>\n\n\n\n<p>La Fiscal\u00eda General de Justicia del Estado de Sonora (FGJES) refrenda su compromiso de mantener acciones coordinadas con fuerzas federales para combatir frontalmente el narcomenudeo y reforzar la seguridad en las comunidades del norte de la entidad.<\/p>\n\n\n\n<p class=\"has-text-align-center\"><img loading=\"lazy\" decoding=\"async\" width=\"500\" height=\"625\" class=\"wp-image-25915\" style=\"width: 500px;\" src=\"https:\/\/elreporterodelacomunidad.com\/wp-content\/uploads\/2025\/12\/75590aa6-440c-4baa-b2ca-d738736d6a29-1.jpg\" alt=\"\" srcset=\"https:\/\/elreporterodelacomunidad.com\/wp-content\/uploads\/2025\/12\/75590aa6-440c-4baa-b2ca-d738736d6a29-1.jpg 1024w, https:\/\/elreporterodelacomunidad.com\/wp-content\/uploads\/2025\/12\/75590aa6-440c-4baa-b2ca-d738736d6a29-1-240x300.jpg 240w, https:\/\/elreporterodelacomunidad.com\/wp-content\/uploads\/2025\/12\/75590aa6-440c-4baa-b2ca-d738736d6a29-1-819x1024.jpg 819w, https:\/\/elreporterodelacomunidad.com\/wp-content\/uploads\/2025\/12\/75590aa6-440c-4baa-b2ca-d738736d6a29-1-768x960.jpg 768w, https:\/\/elreporterodelacomunidad.com\/wp-content\/uploads\/2025\/12\/75590aa6-440c-4baa-b2ca-d738736d6a29-1-750x938.jpg 750w\" sizes=\"auto, (max-width: 500px) 100vw, 500px\" \/><\/p>\n","protected":false},"excerpt":{"rendered":"<p>General Plutarco El\u00edas Calles, Sonora, 26 de diciembre de 2025.- En operativo coordinado entre la Agencia Ministerial de Investigaci\u00f3n Criminal (AMIC), la Secretar\u00eda de la Defensa Nacional (DEFENSA) y la Guardia Nacional (GN) deriv\u00f3 en el aseguramiento de droga y la detenci\u00f3n de cuatro personas durante una diligencia de cateo realizada en Sonoyta. La acci\u00f3n [&hellip;]<\/p>\n","protected":false},"author":1,"featured_media":25914,"comment_status":"open","ping_status":"open","sticky":false,"template":"","format":"standard","meta":{"footnotes":""},"categories":[32],"tags":[],"class_list":["post-25913","post","type-post","status-publish","format-standard","has-post-thumbnail","hentry","category-policiaca"],"_links":{"self":[{"href":"https:\/\/elreporterodelacomunidad.com\/index.php\/wp-json\/wp\/v2\/posts\/25913","targetHints":{"allow":["GET"]}}],"collection":[{"href":"https:\/\/elreporterodelacomunidad.com\/index.php\/wp-json\/wp\/v2\/posts"}],"about":[{"href":"https:\/\/elreporterodelacomunidad.com\/index.php\/wp-json\/wp\/v2\/types\/post"}],"author":[{"embeddable":true,"href":"https:\/\/elreporterodelacomunidad.com\/index.php\/wp-json\/wp\/v2\/users\/1"}],"replies":[{"embeddable":true,"href":"https:\/\/elreporterodelacomunidad.com\/index.php\/wp-json\/wp\/v2\/comments?post=25913"}],"version-history":[{"count":1,"href":"https:\/\/elreporterodelacomunidad.com\/index.php\/wp-json\/wp\/v2\/posts\/25913\/revisions"}],"predecessor-version":[{"id":25916,"href":"https:\/\/elreporterodelacomunidad.com\/index.php\/wp-json\/wp\/v2\/posts\/25913\/revisions\/25916"}],"wp:featuredmedia":[{"embeddable":true,"href":"https:\/\/elreporterodelacomunidad.com\/index.php\/wp-json\/wp\/v2\/media\/25914"}],"wp:attachment":[{"href":"https:\/\/elreporterodelacomunidad.com\/index.php\/wp-json\/wp\/v2\/media?parent=25913"}],"wp:term":[{"taxonomy":"category","embeddable":true,"href":"https:\/\/elreporterodelacomunidad.com\/index.php\/wp-json\/wp\/v2\/categories?post=25913"},{"taxonomy":"post_tag","embeddable":true,"href":"https:\/\/elreporterodelacomunidad.com\/index.php\/wp-json\/wp\/v2\/tags?post=25913"}],"curies":[{"name":"wp","href":"https:\/\/api.w.org\/{rel}","templated":true}]}}