{"id":259,"date":"2024-05-09T00:00:00","date_gmt":"2024-05-09T07:00:00","guid":{"rendered":"https:\/\/elreporterodelacomunidad.com\/index.php\/2024\/05\/09\/arquidiocesis-de-hermosillo-asegura-que-colegio-donde-bailo-joven-no-es-catolico\/"},"modified":"2024-05-18T21:54:09","modified_gmt":"2024-05-19T04:54:09","slug":"arquidiocesis-de-hermosillo-asegura-que-colegio-donde-bailo-joven-no-es-catolico","status":"publish","type":"post","link":"https:\/\/elreporterodelacomunidad.com\/index.php\/2024\/05\/09\/arquidiocesis-de-hermosillo-asegura-que-colegio-donde-bailo-joven-no-es-catolico\/","title":{"rendered":"Arquidi\u00f3cesis de Hermosillo asegura que colegio donde bail\u00f3 joven no es cat\u00f3lico"},"content":{"rendered":"<p class=\"MsoNormal\">La Arquidi\u00f3cesis de Hermosillo dio a conocer que la escuela Liceo San Agust\u00edn, donde se desarroll\u00f3 un evento conmemorativo al D\u00eda de las Madres con la participaci\u00f3n de un joven bailando, no se considera cat\u00f3lica.<\/p>\n<p class=\"MsoNormal\">\n<p class=\"MsoNormal\">El padre Mart\u00edn Gerardo Hern\u00e1ndez Moreno, Vicario General y Vocero de la Arquidi\u00f3cesis, se\u00f1al\u00f3 que, ante la reciente controversia, que ha generado confusi\u00f3n y desconcierto en algunos miembros de la comunidad hermosillense, que es un colegio privado y, por ende, no forma parte de su jurisdicci\u00f3n.<\/p>\n<p class=\"MsoNormal\">En un comunicado emitido por la Arquidi\u00f3cesis y divulgado en sus redes sociales, se tiene que, seg\u00fan la normativa vigente de la iglesia, ninguna instituci\u00f3n educativa, aunque sea cat\u00f3lica, puede utilizar el t\u00e9rmino &#8220;escuela cat\u00f3lica&#8221; sin el consentimiento de la autoridad eclesi\u00e1stica competente.<\/p>\n<p class=\"MsoNormal\">En ese sentido, el Liceo no est\u00e1 oficialmente vinculado a ninguna congregaci\u00f3n religiosa, aunque recibe apoyo espiritual, al igual que otros centros educativos de la ciudad, por solicitud de sus directivos.<\/p>\n<p class=\"MsoNormal\">En este contexto, la iglesia exhort\u00f3 a los responsables de dirigir tanto este como otros centros educativos a seguir las directrices emitidas por los obispos mexicanos, quienes enfatizan la importancia de establecer las mejores condiciones para una educaci\u00f3n integral, de calidad y pertinente para cada ni\u00f1o, ni\u00f1a, adolescente y joven en sus respectivas instituciones.<\/p>\n<p class=\"MsoNormal\">Hern\u00e1ndez Moreno manifest\u00f3 que, como iglesia, reiteran el compromiso de fomentar la paz a trav\u00e9s de los valores fundamentales del bien, la verdad, la bondad y la belleza.<\/p>\n<p class=\"MsoNormal\">Agreg\u00f3 que esta declaraci\u00f3n busca esclarecer la postura de la arquidi\u00f3cesis respecto al incidente ocurrido en el Liceo &#8220;San Agust\u00edn&#8221; e insta a una reflexi\u00f3n sobre la importancia de la educaci\u00f3n integral y los valores en el \u00e1mbito educativo.<\/p>\n<p class=\"MsoNormal\">Llama Aepaf a respetar los espacios educativos durante eventos<\/p>\n<p class=\"MsoNormal\">Por su parte, la Secretar\u00eda de Educaci\u00f3n y Cultura (SEC) y la Asociaci\u00f3n Estatal de Padres de Familia (Aepaf) dieron a conocer sus posturas al respecto al esc\u00e1ndalo en el colegio privado.<\/p>\n<p class=\"MsoNormal\">Cecilio Luna Salazar, presidente de la Aepaf indic\u00f3 que la asociaci\u00f3n pide que se respete la reglamentaci\u00f3n de los planteles educativos y que se den las sanciones pertinentes al caso.<\/p>\n<p class=\"MsoNormal\">Precis\u00f3 que este tipo de cuestiones no son posibles, ya que todo mundo es libre de ejercer alg\u00fan acto o de hacer \u201csu santa voluntad\u201d, pero existen momentos y lugares para ello.<\/p>\n<p class=\"MsoNormal\">\u201cLa Aepaf ve ese tipo de acciones como las ocurridas en el colegio Liceo San Agust\u00edn como muy desafortunadas, su servidor no es una persona puritana, pero lo \u00fanico que solicita la asociaci\u00f3n es el respeto a todos los centros escolares\u201d, coment\u00f3.<\/p>\n<p class=\"MsoNormal\">Luna Salazar manifest\u00f3 que los centros escolares son tomados como segundos hogares, por lo que se requiere de respeto para estos, ya que, \u201cson un centro de formaci\u00f3n para nuestras hijas e hijos\u201d.<\/p>\n<p class=\"MsoNormal\">Se\u00f1al\u00f3 que, si la autoridad educativa en este caso establece alguna sanci\u00f3n, la Aepaf la avala en su totalidad, de acuerdo con la reglamentaci\u00f3n vigente.<\/p>\n<p class=\"MsoNormal\">\u201cDe existir alguna sanci\u00f3n, nosotros estamos completamente de acuerdo en la medida que la autoridad educativa, en este caso a trav\u00e9s del secretario de educaci\u00f3n, pueda tomarse, nosotros respaldamos estas acciones\u201d, expres\u00f3.<\/p>\n<p class=\"MsoNormal\">Por su parte, la Secretar\u00eda de Educaci\u00f3n y Cultura (SEC), asegur\u00f3 que, sobre la situaci\u00f3n particular ocurrida durante el festejo del D\u00eda de las Madres, dentro el mencionado plantel escolar privado en Hermosillo, se determinar\u00e1n las acciones que definan los lineamientos de la Unidad de Incorporaci\u00f3n de Escuelas de Educaci\u00f3n B\u00e1sica, que a trav\u00e9s del \u00e1rea jur\u00eddica de la SEC ya atiende el caso.<\/p>\n<p class=\"MsoNormal\">Destac\u00f3 que los entornos escolares deben ser el espacio ideal para fortalecer la promoci\u00f3n de valores socioculturales que poseemos como comunidad, por lo anterior, exhort\u00f3 a las comunidades educativas a realizar celebraciones donde se favorezca la sana convivencia.<\/p>\n<p class=\"MsoNormal\">Precis\u00f3 que, festejos y conmemoraciones c\u00edvicas pueden realizarse en horario escolar, al interior de los planteles p\u00fablicos y privados, sin embargo, basados siempre en un sentido de \u00e9tica acorde con las reglas y lineamientos que rigen a estos espacios.<\/p>\n<p class=\"MsoNormal\">Para finalizar, dijo que los planteles escolares tienen una funci\u00f3n educativa y as\u00ed son reconocidos por la sociedad y nuestros ni\u00f1os, esto en cualquier d\u00eda y cualquier horario, sean p\u00fablicos o privados.<\/p>\n<p class=\"MsoNormal\">Con informaci\u00f3n de Adal Navarro.<\/p>\n","protected":false},"excerpt":{"rendered":"<p>El padre Mart\u00edn Gerardo Hern\u00e1ndez Moreno, Vocero de la Arquidi\u00f3cesis, se\u00f1al\u00f3 que el liceo no forma parte de la iglesia cat\u00f3lica, por lo que se deslind\u00f3 del hecho.<\/p>\n","protected":false},"author":1,"featured_media":642,"comment_status":"open","ping_status":"open","sticky":false,"template":"","format":"standard","meta":{"footnotes":""},"categories":[36],"tags":[],"class_list":["post-259","post","type-post","status-publish","format-standard","has-post-thumbnail","hentry","category-educacion"],"_links":{"self":[{"href":"https:\/\/elreporterodelacomunidad.com\/index.php\/wp-json\/wp\/v2\/posts\/259","targetHints":{"allow":["GET"]}}],"collection":[{"href":"https:\/\/elreporterodelacomunidad.com\/index.php\/wp-json\/wp\/v2\/posts"}],"about":[{"href":"https:\/\/elreporterodelacomunidad.com\/index.php\/wp-json\/wp\/v2\/types\/post"}],"author":[{"embeddable":true,"href":"https:\/\/elreporterodelacomunidad.com\/index.php\/wp-json\/wp\/v2\/users\/1"}],"replies":[{"embeddable":true,"href":"https:\/\/elreporterodelacomunidad.com\/index.php\/wp-json\/wp\/v2\/comments?post=259"}],"version-history":[{"count":1,"href":"https:\/\/elreporterodelacomunidad.com\/index.php\/wp-json\/wp\/v2\/posts\/259\/revisions"}],"predecessor-version":[{"id":641,"href":"https:\/\/elreporterodelacomunidad.com\/index.php\/wp-json\/wp\/v2\/posts\/259\/revisions\/641"}],"wp:featuredmedia":[{"embeddable":true,"href":"https:\/\/elreporterodelacomunidad.com\/index.php\/wp-json\/wp\/v2\/media\/642"}],"wp:attachment":[{"href":"https:\/\/elreporterodelacomunidad.com\/index.php\/wp-json\/wp\/v2\/media?parent=259"}],"wp:term":[{"taxonomy":"category","embeddable":true,"href":"https:\/\/elreporterodelacomunidad.com\/index.php\/wp-json\/wp\/v2\/categories?post=259"},{"taxonomy":"post_tag","embeddable":true,"href":"https:\/\/elreporterodelacomunidad.com\/index.php\/wp-json\/wp\/v2\/tags?post=259"}],"curies":[{"name":"wp","href":"https:\/\/api.w.org\/{rel}","templated":true}]}}