{"id":25818,"date":"2025-12-17T20:18:53","date_gmt":"2025-12-18T03:18:53","guid":{"rendered":"https:\/\/elreporterodelacomunidad.com\/?p=25818"},"modified":"2025-12-17T20:18:55","modified_gmt":"2025-12-18T03:18:55","slug":"banco-de-alimentos-de-hermosillo-anuncia-nuevo-director-general","status":"publish","type":"post","link":"https:\/\/elreporterodelacomunidad.com\/index.php\/2025\/12\/17\/banco-de-alimentos-de-hermosillo-anuncia-nuevo-director-general\/","title":{"rendered":"Banco de Alimentos de Hermosillo anuncia nuevo Director General"},"content":{"rendered":"\n<p>Hermosillo, Sonora a 17 de diciembre de 2025.- El Banco de Alimentos de Hermosillo anunci\u00f3 el nombramiento de Carlos Bustamante Kawano como nuevo Director General y expres\u00f3 su agradecimiento y reconocimiento a Manuel Robles Linares Velez, quien encabez\u00f3 la instituci\u00f3n de 2023 a 2025.<\/p>\n\n\n\n<p>Durante este periodo se registraron avances importantes para responder con mayor fuerza a la necesidad de alimento en la comunidad, fortaleciendo alianzas, sumando apoyos clave y ampliando el alcance e impacto de la labor institucional.<\/p>\n\n\n\n<p>Desde hace 30 a\u00f1os, el Banco de Alimentos de Hermosillo trabaja de manera constante para atender la inseguridad alimentaria en Sonora, a trav\u00e9s de una operaci\u00f3n log\u00edstica efectiva y una red de personas comprometidas con un mismo objetivo: que ninguna familia se quede sin alimento.<\/p>\n\n\n\n<p>El Consejo Directivo, encabezado por el Ing. Al\u00e1n Aguirre Ibarra, agradece a Manuel y al equipo de colaboradores por su valioso desempe\u00f1o.<\/p>\n\n\n\n<p>Sobre estas bases, Carlos se suma como director, marcando una nueva etapa enfocada en fortalecer lo construido y enfrentar los retos que implica combatir el hambre.<\/p>\n\n\n\n<p>El Banco de Alimentos de Hermosillo es una organizaci\u00f3n sin fines de lucro que, con el trabajo de su consejo directivo y colaboradores, y el apoyo de voluntarios, donantes y aliados, ha servido a la comunidad durante tres d\u00e9cadas, sosteniendo una de las operaciones sociales m\u00e1s importantes del estado.<\/p>\n","protected":false},"excerpt":{"rendered":"<p>Hermosillo, Sonora a 17 de diciembre de 2025.- El Banco de Alimentos de Hermosillo anunci\u00f3 el nombramiento de Carlos Bustamante Kawano como nuevo Director General y expres\u00f3 su agradecimiento y reconocimiento a Manuel Robles Linares Velez, quien encabez\u00f3 la instituci\u00f3n de 2023 a 2025. Durante este periodo se registraron avances importantes para responder con mayor [&hellip;]<\/p>\n","protected":false},"author":2,"featured_media":25819,"comment_status":"open","ping_status":"open","sticky":false,"template":"","format":"standard","meta":{"footnotes":""},"categories":[36],"tags":[],"class_list":["post-25818","post","type-post","status-publish","format-standard","has-post-thumbnail","hentry","category-educacion"],"_links":{"self":[{"href":"https:\/\/elreporterodelacomunidad.com\/index.php\/wp-json\/wp\/v2\/posts\/25818","targetHints":{"allow":["GET"]}}],"collection":[{"href":"https:\/\/elreporterodelacomunidad.com\/index.php\/wp-json\/wp\/v2\/posts"}],"about":[{"href":"https:\/\/elreporterodelacomunidad.com\/index.php\/wp-json\/wp\/v2\/types\/post"}],"author":[{"embeddable":true,"href":"https:\/\/elreporterodelacomunidad.com\/index.php\/wp-json\/wp\/v2\/users\/2"}],"replies":[{"embeddable":true,"href":"https:\/\/elreporterodelacomunidad.com\/index.php\/wp-json\/wp\/v2\/comments?post=25818"}],"version-history":[{"count":1,"href":"https:\/\/elreporterodelacomunidad.com\/index.php\/wp-json\/wp\/v2\/posts\/25818\/revisions"}],"predecessor-version":[{"id":25820,"href":"https:\/\/elreporterodelacomunidad.com\/index.php\/wp-json\/wp\/v2\/posts\/25818\/revisions\/25820"}],"wp:featuredmedia":[{"embeddable":true,"href":"https:\/\/elreporterodelacomunidad.com\/index.php\/wp-json\/wp\/v2\/media\/25819"}],"wp:attachment":[{"href":"https:\/\/elreporterodelacomunidad.com\/index.php\/wp-json\/wp\/v2\/media?parent=25818"}],"wp:term":[{"taxonomy":"category","embeddable":true,"href":"https:\/\/elreporterodelacomunidad.com\/index.php\/wp-json\/wp\/v2\/categories?post=25818"},{"taxonomy":"post_tag","embeddable":true,"href":"https:\/\/elreporterodelacomunidad.com\/index.php\/wp-json\/wp\/v2\/tags?post=25818"}],"curies":[{"name":"wp","href":"https:\/\/api.w.org\/{rel}","templated":true}]}}