{"id":25808,"date":"2025-12-17T20:12:32","date_gmt":"2025-12-18T03:12:32","guid":{"rendered":"https:\/\/elreporterodelacomunidad.com\/?p=25808"},"modified":"2025-12-17T20:12:43","modified_gmt":"2025-12-18T03:12:43","slug":"programa-h-bus-entra-en-receso-a-partir-del-22-de-diciembre-por-periodo-vacacional","status":"publish","type":"post","link":"https:\/\/elreporterodelacomunidad.com\/index.php\/2025\/12\/17\/programa-h-bus-entra-en-receso-a-partir-del-22-de-diciembre-por-periodo-vacacional\/","title":{"rendered":"Programa H Bus entra en receso a partir del 22 de diciembre por periodo vacacional"},"content":{"rendered":"\n<p>Por periodo vacacional de estudiantes universitarios usuarios del transporte el\u00e9ctrico.<\/p>\n\n\n\n<p>Hermosillo, Sonora, 17 de diciembre, 2025.- Por periodo vacacional decembrino de las y los estudiantes universitarios, el programa H Bus tendr\u00e1 un receso a partir del lunes 22 de diciembre del total de las unidades el\u00e9ctricas que prestan el servicio gratuito, inform\u00f3 Carla Neudert C\u00f3rdova.<\/p>\n\n\n\n<p>La directora de la Agencia Municipal de Energ\u00eda y Cambio Clim\u00e1tico explic\u00f3 que los m\u00e1s de 2 mil usuarios estar\u00e1n en vacaciones por lo cual todas las rutas suspender\u00e1n el servicio.<\/p>\n\n\n\n<p>Precis\u00f3 que retoman labores a partir del mi\u00e9rcoles 7 de enero de 2026 con la Ruta 8 que ofrece el servicio a estudiantes de la Universidad Tecnol\u00f3gica de Hermosillo, UTH y las Rutas 1 a la 7 y la 9 se reincorporan a partir del 12 de enero.<\/p>\n\n\n\n<p>Actualmente el HBus opera con diez camiones en ruta y uno emergente con recorridos diarios en 58 viajes a 74 colonias de distintas zonas de la ciudad con destino a los principales centros universitarios, facilitando el traslado seguro y eficiente a las y los estudiantes.<\/p>\n\n\n\n<p>Las y los usuarios beneficiados son de instituciones como Universidad de Sonora, Universidad Estatal de Sonora, Instituto Tecnol\u00f3gico de Hermosillo, la Escuela Normal del Estado de Sonora, entre otras.<\/p>\n","protected":false},"excerpt":{"rendered":"<p>Por periodo vacacional de estudiantes universitarios usuarios del transporte el\u00e9ctrico. Hermosillo, Sonora, 17 de diciembre, 2025.- Por periodo vacacional decembrino de las y los estudiantes universitarios, el programa H Bus tendr\u00e1 un receso a partir del lunes 22 de diciembre del total de las unidades el\u00e9ctricas que prestan el servicio gratuito, inform\u00f3 Carla Neudert C\u00f3rdova. [&hellip;]<\/p>\n","protected":false},"author":2,"featured_media":25809,"comment_status":"open","ping_status":"open","sticky":false,"template":"","format":"standard","meta":{"footnotes":""},"categories":[36],"tags":[],"class_list":["post-25808","post","type-post","status-publish","format-standard","has-post-thumbnail","hentry","category-educacion"],"_links":{"self":[{"href":"https:\/\/elreporterodelacomunidad.com\/index.php\/wp-json\/wp\/v2\/posts\/25808","targetHints":{"allow":["GET"]}}],"collection":[{"href":"https:\/\/elreporterodelacomunidad.com\/index.php\/wp-json\/wp\/v2\/posts"}],"about":[{"href":"https:\/\/elreporterodelacomunidad.com\/index.php\/wp-json\/wp\/v2\/types\/post"}],"author":[{"embeddable":true,"href":"https:\/\/elreporterodelacomunidad.com\/index.php\/wp-json\/wp\/v2\/users\/2"}],"replies":[{"embeddable":true,"href":"https:\/\/elreporterodelacomunidad.com\/index.php\/wp-json\/wp\/v2\/comments?post=25808"}],"version-history":[{"count":1,"href":"https:\/\/elreporterodelacomunidad.com\/index.php\/wp-json\/wp\/v2\/posts\/25808\/revisions"}],"predecessor-version":[{"id":25810,"href":"https:\/\/elreporterodelacomunidad.com\/index.php\/wp-json\/wp\/v2\/posts\/25808\/revisions\/25810"}],"wp:featuredmedia":[{"embeddable":true,"href":"https:\/\/elreporterodelacomunidad.com\/index.php\/wp-json\/wp\/v2\/media\/25809"}],"wp:attachment":[{"href":"https:\/\/elreporterodelacomunidad.com\/index.php\/wp-json\/wp\/v2\/media?parent=25808"}],"wp:term":[{"taxonomy":"category","embeddable":true,"href":"https:\/\/elreporterodelacomunidad.com\/index.php\/wp-json\/wp\/v2\/categories?post=25808"},{"taxonomy":"post_tag","embeddable":true,"href":"https:\/\/elreporterodelacomunidad.com\/index.php\/wp-json\/wp\/v2\/tags?post=25808"}],"curies":[{"name":"wp","href":"https:\/\/api.w.org\/{rel}","templated":true}]}}