{"id":25793,"date":"2025-12-16T20:07:38","date_gmt":"2025-12-17T03:07:38","guid":{"rendered":"https:\/\/elreporterodelacomunidad.com\/?p=25793"},"modified":"2025-12-16T20:07:40","modified_gmt":"2025-12-17T03:07:40","slug":"reconocen-en-sonora-a-servidores-de-la-nacion-y-promotores-por-apoyo-en-censos-tras-afectaciones-por-lluvias-en-el-estado-de-hidalgo","status":"publish","type":"post","link":"https:\/\/elreporterodelacomunidad.com\/index.php\/2025\/12\/16\/reconocen-en-sonora-a-servidores-de-la-nacion-y-promotores-por-apoyo-en-censos-tras-afectaciones-por-lluvias-en-el-estado-de-hidalgo\/","title":{"rendered":"Reconocen en Sonora a Servidores de la Naci\u00f3n y Promotores por apoyo en censos tras afectaciones por lluvias en el estado de Hidalgo"},"content":{"rendered":"\n<p>Brindan reconocimiento a quienes acudieron al llamado de la Presidenta de M\u00e9xico para apoyar a familias afectadas<br>Entregan 100 reconocimientos por parte de la Delegaci\u00f3n de Bienestar en Sonora y la Secretar\u00eda de Bienestar Federal<\/p>\n\n\n\n<p>Hermosillo, Sonora; 16 de diciembre de 2025.- Luego de las lluvias registradas en octubre de 2025 a causa de la tormenta tropical \u201cPriscilla\u201d, que afect\u00f3 a diversas entidades del pa\u00eds, entre ellas Hidalgo, y por instrucciones de la Presidenta de la Rep\u00fablica, Claudia Sheinbaum Pardo, se llev\u00f3 a cabo la entrega de reconocimientos a Servidoras y Servidores de la Naci\u00f3n y Promotores que participaron en la realizaci\u00f3n de censos y en la entrega de tarjetas del Banco del Bienestar para la dispersi\u00f3n de apoyos a las familias damnificadas.<\/p>\n\n\n\n<p>En atenci\u00f3n a este llamado, Sonora respondi\u00f3 de manera inmediata y solidaria, recorriendo m\u00e1s de 2 mil kil\u00f3metros para llegar a distintos municipios del estado de Hidalgo y cumplir con la encomienda presidencial en apoyo a las comunidades afectadas.<\/p>\n\n\n\n<p>Durante el evento, el delegado de Bienestar en Sonora, Octavio Almada Palafox, destac\u00f3 el compromiso y la vocaci\u00f3n de servicio de quienes dejaron sus hogares y familias para respaldar a las comunidades afectadas, subrayando que su labor fue clave para que los apoyos llegaran de manera directa y oportuna.<\/p>\n\n\n\n<p>\u201cSomos Servidores de la Naci\u00f3n, todos por igual. Lo realizado en Hidalgo fue m\u00e1s que trabajo: fue solidaridad y compromiso para que el bienestar llegara a quienes m\u00e1s lo necesitaban\u201d, expres\u00f3 el delegado.<\/p>\n\n\n\n<p>En este marco, se entregaron 100 reconocimientos por parte de la Delegaci\u00f3n de Bienestar en Sonora y la Secretar\u00eda de Bienestar Federal, como muestra de gratitud institucional a la responsabilidad, empat\u00eda y solidaridad demostradas durante las jornadas de apoyo.<\/p>\n\n\n\n<p>A nombre de las y los Servidores de la Naci\u00f3n y Promotores que acudieron a Hidalgo, Israel R\u00edos Quevedo destac\u00f3 el esfuerzo realizado para llegar a las comunidades m\u00e1s alejadas, agradeci\u00f3 el liderazgo del delegado de Bienestar en Sonora, Octavio Almada Palafox, y se\u00f1al\u00f3 que este trabajo permiti\u00f3 llevar esperanza y dejar claro que el pueblo no est\u00e1 solo.<\/p>\n\n\n\n<p>Por su parte, el Teniente Coronel Nicol\u00e1s Mauricio Pedroza Contreras, del 24 Batall\u00f3n de Infanter\u00eda, reconoci\u00f3 que hay labores que muchas veces se realizan en el anonimato, pero que permanecen en el coraz\u00f3n de las comunidades, como el apoyo brindado por los Servidores de la Naci\u00f3n y Promotores de Sonora al pueblo hidalguense.<\/p>\n\n\n\n<p>Asimismo, Jorge Cristi\u00e1n Mart\u00ednez Aguilar, Coordinador del Banco del Bienestar, agradeci\u00f3 el respaldo brindado por las y los Servidores de la Naci\u00f3n y Promotores, destacando su compromiso permanente con la ciudadan\u00eda y con las tareas que se les encomiendan en beneficio del pa\u00eds.<\/p>\n\n\n\n<p>En el acto estuvieron presentes, adem\u00e1s del delegado de Bienestar en Sonora, el Capit\u00e1n Segundo Juan M\u00e9ndez Hern\u00e1ndez, en representaci\u00f3n del General de Brigada Diplomado de Estado Mayor Anastasio Santos \u00c1lvarez, Coordinador Estatal de la Guardia Nacional en Sonora; el Teniente de la Guardia Nacional Francisco Acosta Ontiveros; as\u00ed como Claudia Lorena Vega Montes, Servidora de la Naci\u00f3n.<\/p>\n\n\n\n<p>Con este reconocimiento, la Delegaci\u00f3n de Bienestar en Sonora y la Secretar\u00eda de Bienestar Federal refrendaron su agradecimiento y orgullo por la entrega, convicci\u00f3n y humanismo de quienes acudieron al llamado para servir al pueblo de M\u00e9xico en momentos de mayor necesidad.<\/p>\n","protected":false},"excerpt":{"rendered":"<p>Brindan reconocimiento a quienes acudieron al llamado de la Presidenta de M\u00e9xico para apoyar a familias afectadasEntregan 100 reconocimientos por parte de la Delegaci\u00f3n de Bienestar en Sonora y la Secretar\u00eda de Bienestar Federal Hermosillo, Sonora; 16 de diciembre de 2025.- Luego de las lluvias registradas en octubre de 2025 a causa de la tormenta [&hellip;]<\/p>\n","protected":false},"author":2,"featured_media":25794,"comment_status":"open","ping_status":"open","sticky":false,"template":"","format":"standard","meta":{"footnotes":""},"categories":[36],"tags":[],"class_list":["post-25793","post","type-post","status-publish","format-standard","has-post-thumbnail","hentry","category-educacion"],"_links":{"self":[{"href":"https:\/\/elreporterodelacomunidad.com\/index.php\/wp-json\/wp\/v2\/posts\/25793","targetHints":{"allow":["GET"]}}],"collection":[{"href":"https:\/\/elreporterodelacomunidad.com\/index.php\/wp-json\/wp\/v2\/posts"}],"about":[{"href":"https:\/\/elreporterodelacomunidad.com\/index.php\/wp-json\/wp\/v2\/types\/post"}],"author":[{"embeddable":true,"href":"https:\/\/elreporterodelacomunidad.com\/index.php\/wp-json\/wp\/v2\/users\/2"}],"replies":[{"embeddable":true,"href":"https:\/\/elreporterodelacomunidad.com\/index.php\/wp-json\/wp\/v2\/comments?post=25793"}],"version-history":[{"count":1,"href":"https:\/\/elreporterodelacomunidad.com\/index.php\/wp-json\/wp\/v2\/posts\/25793\/revisions"}],"predecessor-version":[{"id":25795,"href":"https:\/\/elreporterodelacomunidad.com\/index.php\/wp-json\/wp\/v2\/posts\/25793\/revisions\/25795"}],"wp:featuredmedia":[{"embeddable":true,"href":"https:\/\/elreporterodelacomunidad.com\/index.php\/wp-json\/wp\/v2\/media\/25794"}],"wp:attachment":[{"href":"https:\/\/elreporterodelacomunidad.com\/index.php\/wp-json\/wp\/v2\/media?parent=25793"}],"wp:term":[{"taxonomy":"category","embeddable":true,"href":"https:\/\/elreporterodelacomunidad.com\/index.php\/wp-json\/wp\/v2\/categories?post=25793"},{"taxonomy":"post_tag","embeddable":true,"href":"https:\/\/elreporterodelacomunidad.com\/index.php\/wp-json\/wp\/v2\/tags?post=25793"}],"curies":[{"name":"wp","href":"https:\/\/api.w.org\/{rel}","templated":true}]}}