{"id":25589,"date":"2025-12-10T13:57:53","date_gmt":"2025-12-10T20:57:53","guid":{"rendered":"https:\/\/elreporterodelacomunidad.com\/?p=25589"},"modified":"2025-12-10T13:57:59","modified_gmt":"2025-12-10T20:57:59","slug":"instituto-de-becas-promueve-el-programa-de-regularizacion-oportunidad-es-arrancar-de-cero","status":"publish","type":"post","link":"https:\/\/elreporterodelacomunidad.com\/index.php\/2025\/12\/10\/instituto-de-becas-promueve-el-programa-de-regularizacion-oportunidad-es-arrancar-de-cero\/","title":{"rendered":"Instituto de Becas promueve el programa de regularizaci\u00f3n \u201cOportunidad\u2026 Es Arrancar de Cero\u201d"},"content":{"rendered":"\n<p>Hermosillo, Sonora; 10 de diciembre de 2025.- Con la finalidad de apoyar a que las y los j\u00f3venes profesionistas mejoren su econom\u00eda al inicio de su vida productiva, el Instituto de Becas y Cr\u00e9dito Educativo del Estado de Sonora (Ibcees) impulsa el programa de regularizaci\u00f3n \u201cOportunidad\u2026 Es Arrancar de Cero\u201d.<\/p>\n\n\n\n<p>Este programa tiene como objetivo brindar a las y los acreditados con adeudos de cr\u00e9dito educativo diversos beneficios y facilidades, como atenci\u00f3n personalizada, bonificaciones por liquidaci\u00f3n de adeudos y opciones de reestructuraci\u00f3n de cr\u00e9ditos.<\/p>\n\n\n\n<p>El director general del Ibcees, Abraham de Jes\u00fas Sierra, invit\u00f3 a las y los interesados a acudir de manera personal, sin la intervenci\u00f3n de gestores o terceros ajenos a la instituci\u00f3n, a las diferentes oficinas del Instituto en la entidad:<\/p>\n\n\n\n<ul class=\"wp-block-list\">\n<li>Hermosillo: Calle Dr. Domingo Olivares No. 128, esquina con Paseo de la Paz, colonia Valle Grande. Tel. (662) 289 8700.<\/li>\n\n\n\n<li>Ciudad Obreg\u00f3n: Calle Sinaloa No. 666, entre 6 de Abril y Nicol\u00e1s Bravo, colonia Centro. Tel. (644) 410 6300.<\/li>\n\n\n\n<li>Nogales: Calle Campillo No. 140, colonia Fundo Legal, en oficinas de la Agencia Fiscal. Tel. (631) 209 9476.<\/li>\n<\/ul>\n\n\n\n<p>La instituci\u00f3n refrenda su compromiso de apoyar a quienes buscan cumplir sus obligaciones y recuperar su tranquilidad financiera, acercando soluciones claras, transparentes y accesibles para todas y todos.<\/p>\n","protected":false},"excerpt":{"rendered":"<p>Hermosillo, Sonora; 10 de diciembre de 2025.- Con la finalidad de apoyar a que las y los j\u00f3venes profesionistas mejoren su econom\u00eda al inicio de su vida productiva, el Instituto de Becas y Cr\u00e9dito Educativo del Estado de Sonora (Ibcees) impulsa el programa de regularizaci\u00f3n \u201cOportunidad\u2026 Es Arrancar de Cero\u201d. Este programa tiene como objetivo [&hellip;]<\/p>\n","protected":false},"author":1,"featured_media":25590,"comment_status":"open","ping_status":"open","sticky":false,"template":"","format":"standard","meta":{"footnotes":""},"categories":[36],"tags":[],"class_list":["post-25589","post","type-post","status-publish","format-standard","has-post-thumbnail","hentry","category-educacion"],"_links":{"self":[{"href":"https:\/\/elreporterodelacomunidad.com\/index.php\/wp-json\/wp\/v2\/posts\/25589","targetHints":{"allow":["GET"]}}],"collection":[{"href":"https:\/\/elreporterodelacomunidad.com\/index.php\/wp-json\/wp\/v2\/posts"}],"about":[{"href":"https:\/\/elreporterodelacomunidad.com\/index.php\/wp-json\/wp\/v2\/types\/post"}],"author":[{"embeddable":true,"href":"https:\/\/elreporterodelacomunidad.com\/index.php\/wp-json\/wp\/v2\/users\/1"}],"replies":[{"embeddable":true,"href":"https:\/\/elreporterodelacomunidad.com\/index.php\/wp-json\/wp\/v2\/comments?post=25589"}],"version-history":[{"count":1,"href":"https:\/\/elreporterodelacomunidad.com\/index.php\/wp-json\/wp\/v2\/posts\/25589\/revisions"}],"predecessor-version":[{"id":25591,"href":"https:\/\/elreporterodelacomunidad.com\/index.php\/wp-json\/wp\/v2\/posts\/25589\/revisions\/25591"}],"wp:featuredmedia":[{"embeddable":true,"href":"https:\/\/elreporterodelacomunidad.com\/index.php\/wp-json\/wp\/v2\/media\/25590"}],"wp:attachment":[{"href":"https:\/\/elreporterodelacomunidad.com\/index.php\/wp-json\/wp\/v2\/media?parent=25589"}],"wp:term":[{"taxonomy":"category","embeddable":true,"href":"https:\/\/elreporterodelacomunidad.com\/index.php\/wp-json\/wp\/v2\/categories?post=25589"},{"taxonomy":"post_tag","embeddable":true,"href":"https:\/\/elreporterodelacomunidad.com\/index.php\/wp-json\/wp\/v2\/tags?post=25589"}],"curies":[{"name":"wp","href":"https:\/\/api.w.org\/{rel}","templated":true}]}}