{"id":25529,"date":"2025-12-09T14:33:04","date_gmt":"2025-12-09T21:33:04","guid":{"rendered":"https:\/\/elreporterodelacomunidad.com\/?p=25529"},"modified":"2025-12-09T14:33:07","modified_gmt":"2025-12-09T21:33:07","slug":"reconoce-universidad-de-sonora-a-profesores-investigadores-tecnicos-academicos-y-trabajadores-distinguidos-2024-2025","status":"publish","type":"post","link":"https:\/\/elreporterodelacomunidad.com\/index.php\/2025\/12\/09\/reconoce-universidad-de-sonora-a-profesores-investigadores-tecnicos-academicos-y-trabajadores-distinguidos-2024-2025\/","title":{"rendered":"Reconoce Universidad de Sonora a profesores, investigadores, t\u00e9cnicos acad\u00e9micos y trabajadores distinguidos 2024-2025"},"content":{"rendered":"\n<p>Hermosillo, Sonora a 09 de diciembre de 2025.- La Universidad de Sonora llev\u00f3 a cabo la Ceremonia de Entrega de Premios Anuales a profesores, investigadores, t\u00e9cnicos acad\u00e9micos y trabajadores distinguidos correspondientes al periodo 2024-2025, en la que reconoci\u00f3 a 31 integrantes de su comunidad de los distintos campus.<\/p>\n\n\n\n<p>En su mensaje, la rectora Dena Mar\u00eda Camarena G\u00f3mez resalt\u00f3 la importancia del trabajo acad\u00e9mico y administrativo que sostiene la misi\u00f3n universitaria.<\/p>\n\n\n\n<p>Se\u00f1al\u00f3 que esta ceremonia institucional es uno de los actos m\u00e1s significativos de la instituci\u00f3n, porque se reconoce en cada rubro a quienes destacaron durante el \u00faltimo a\u00f1o por su perseverancia, vocaci\u00f3n, responsabilidad y esp\u00edritu solidario.<\/p>\n\n\n\n<p>Por ello, dijo, el hecho de premiar a este grupo de trabajadoras y trabajadores de la Universidad de Sonora, es rescatar la esencia de una instituci\u00f3n creada para servir a la sociedad y contribuir con ello a mejorar las condiciones de vida de nuestra comunidad y de nuestra sociedad.<\/p>\n\n\n\n<p>\u201cEl galard\u00f3n que hoy han recibido no es una concesi\u00f3n autom\u00e1tica, pues los lineamientos de los premios anuales buscan que se mejoren las pr\u00e1cticas laborales, tanto personales como del equipo, y que se revitalice el esp\u00edritu de colaboraci\u00f3n permanente para ampliar los horizontes profesionales o alcanzar un alto rendimiento en las tareas que se realizan en las distintas tareas que se realizan en esta instituci\u00f3n\u201d, destac\u00f3.<\/p>\n\n\n\n<p>Camarena G\u00f3mez precis\u00f3 que el premio tambi\u00e9n visibiliza la calidad de su quehacer diario a trav\u00e9s del liderazgo, toma de decisiones, supervisi\u00f3n, el trabajo en equipo, la organizaci\u00f3n, la evaluaci\u00f3n; y, adem\u00e1s, de una intachable conducta laboral, de responsabilidad, de excelentes relaciones interpersonales y de iniciativas.<\/p>\n\n\n\n<p>Fortalecer excelencia acad\u00e9mica y estimular productividad<br>En el evento, el docente Gonzalo Armando Navarro Armend\u00e1riz dirigi\u00f3 un mensaje en representaci\u00f3n de la Comisi\u00f3n Responsable para la asignaci\u00f3n de los premios.<\/p>\n\n\n\n<p>Mencion\u00f3 que el trabajo realizado por la comisi\u00f3n se desarroll\u00f3 con estricto apego a la normatividad universitaria vigente, particularmente a lo establecido en la Ley Org\u00e1nica 169 de la Universidad de Sonora, donde se mandata que la instituci\u00f3n establezca reconocimientos a su comunidad acad\u00e9mica, as\u00ed como a su personal manual y administrativo, con el fin de incrementar la calidad de la ense\u00f1anza, fortalecer la excelencia acad\u00e9mica y estimular la productividad orientada al logro de los objetivos institucionales.<\/p>\n\n\n\n<p>Explic\u00f3 que los integrantes del jurado realizaron un an\u00e1lisis exhaustivo y minucioso de los expedientes de cada aspirante, ponderando los criterios establecidos como es la contribuci\u00f3n acad\u00e9mica y cient\u00edfica, la productividad, la innovaci\u00f3n, la formaci\u00f3n de nuevos profesionistas, la calidad del desempe\u00f1o y el compromiso institucional.<\/p>\n\n\n\n<p>Por su parte, Ana Esther \u00c1lvarez Villa, profesora distinguida del Departamento de Ciencias Econ\u00f3mico-Administrativas del Campus Nogales, ofreci\u00f3 una intervenci\u00f3n a nombre de las y los galardonados, en la cual asegur\u00f3 que este premio es un reconocimiento a la diversidad de los or\u00edgenes que distinguen a los integrantes de la comunidad universitaria.<\/p>\n\n\n\n<p>\u201cPero si nuestros pasados fueron diversos, nuestro presente y nuestro futuro est\u00e1n profundamente unidos. Unidos por la pasi\u00f3n al servicio y unidos por el inquebrantable compromiso de formar nuevos profesionistas. Este es el hilo dorado que nos conecta, aun cuando muchos de nosotros no nos conocemos. Esa es la fuerza invisible pero poderosa que nos sostiene d\u00eda a d\u00eda\u201d, indic\u00f3.<\/p>\n\n\n\n<p>Asegur\u00f3 que lo docentes seguir\u00e1n avanzando en la encomienda de formar a futuros profesionales y generar ciencia de frontera, pues este premio no es un punto final, sino la continuaci\u00f3n de un mejor quehacer universitario que genere conocimiento y resuelva problemas reales de nuestra comunidad.<\/p>\n\n\n\n<p>31 premios<br>En total, en esta edici\u00f3n se entregaron 31 premios, 13 correspondieron a la categor\u00eda de Profesores; 9 a Investigadores; 2 a T\u00e9cnicos Acad\u00e9micos, y 7 a trabajadores, de los cuales 18 son hombres y 13 mujeres.<\/p>\n\n\n\n<p>El pres\u00eddium estuvo integrado por Guillermo Cuamea Cruz, secretario general administrativo; Juan Carlos G\u00e1lvez Ruiz, director administrativo del campus Hermosillo; Susana Ang\u00e9lica Pastrana Corral, directora administrativa del campus Caborca; Isidro Manzano Torres, director administrativo del campus Nogales y Jes\u00fas Alfredo Rosas Rodr\u00edguez, director administrativo del campus Navojoa.<\/p>\n\n\n\n<p>Tambi\u00e9n asistieron coordinadores generales de facultades, jefes de departamentos, coordinadores de programas, ex rectores, familiares y amigos de los hoy reconocidos.<\/p>\n\n\n\n<p class=\"has-text-align-center\"><img loading=\"lazy\" decoding=\"async\" width=\"500\" height=\"177\" class=\"wp-image-25531\" style=\"width: 500px;\" src=\"https:\/\/elreporterodelacomunidad.com\/wp-content\/uploads\/2025\/12\/3f71d613-9422-4769-96b7-07f7a495378a.jpg\" alt=\"\" srcset=\"https:\/\/elreporterodelacomunidad.com\/wp-content\/uploads\/2025\/12\/3f71d613-9422-4769-96b7-07f7a495378a.jpg 1600w, https:\/\/elreporterodelacomunidad.com\/wp-content\/uploads\/2025\/12\/3f71d613-9422-4769-96b7-07f7a495378a-300x106.jpg 300w, https:\/\/elreporterodelacomunidad.com\/wp-content\/uploads\/2025\/12\/3f71d613-9422-4769-96b7-07f7a495378a-1024x362.jpg 1024w, https:\/\/elreporterodelacomunidad.com\/wp-content\/uploads\/2025\/12\/3f71d613-9422-4769-96b7-07f7a495378a-768x272.jpg 768w, https:\/\/elreporterodelacomunidad.com\/wp-content\/uploads\/2025\/12\/3f71d613-9422-4769-96b7-07f7a495378a-1536x543.jpg 1536w, https:\/\/elreporterodelacomunidad.com\/wp-content\/uploads\/2025\/12\/3f71d613-9422-4769-96b7-07f7a495378a-750x265.jpg 750w, https:\/\/elreporterodelacomunidad.com\/wp-content\/uploads\/2025\/12\/3f71d613-9422-4769-96b7-07f7a495378a-1140x403.jpg 1140w\" sizes=\"auto, (max-width: 500px) 100vw, 500px\" \/><\/p>\n","protected":false},"excerpt":{"rendered":"<p>Hermosillo, Sonora a 09 de diciembre de 2025.- La Universidad de Sonora llev\u00f3 a cabo la Ceremonia de Entrega de Premios Anuales a profesores, investigadores, t\u00e9cnicos acad\u00e9micos y trabajadores distinguidos correspondientes al periodo 2024-2025, en la que reconoci\u00f3 a 31 integrantes de su comunidad de los distintos campus. En su mensaje, la rectora Dena Mar\u00eda [&hellip;]<\/p>\n","protected":false},"author":2,"featured_media":25530,"comment_status":"open","ping_status":"open","sticky":false,"template":"","format":"standard","meta":{"footnotes":""},"categories":[36],"tags":[],"class_list":["post-25529","post","type-post","status-publish","format-standard","has-post-thumbnail","hentry","category-educacion"],"_links":{"self":[{"href":"https:\/\/elreporterodelacomunidad.com\/index.php\/wp-json\/wp\/v2\/posts\/25529","targetHints":{"allow":["GET"]}}],"collection":[{"href":"https:\/\/elreporterodelacomunidad.com\/index.php\/wp-json\/wp\/v2\/posts"}],"about":[{"href":"https:\/\/elreporterodelacomunidad.com\/index.php\/wp-json\/wp\/v2\/types\/post"}],"author":[{"embeddable":true,"href":"https:\/\/elreporterodelacomunidad.com\/index.php\/wp-json\/wp\/v2\/users\/2"}],"replies":[{"embeddable":true,"href":"https:\/\/elreporterodelacomunidad.com\/index.php\/wp-json\/wp\/v2\/comments?post=25529"}],"version-history":[{"count":1,"href":"https:\/\/elreporterodelacomunidad.com\/index.php\/wp-json\/wp\/v2\/posts\/25529\/revisions"}],"predecessor-version":[{"id":25532,"href":"https:\/\/elreporterodelacomunidad.com\/index.php\/wp-json\/wp\/v2\/posts\/25529\/revisions\/25532"}],"wp:featuredmedia":[{"embeddable":true,"href":"https:\/\/elreporterodelacomunidad.com\/index.php\/wp-json\/wp\/v2\/media\/25530"}],"wp:attachment":[{"href":"https:\/\/elreporterodelacomunidad.com\/index.php\/wp-json\/wp\/v2\/media?parent=25529"}],"wp:term":[{"taxonomy":"category","embeddable":true,"href":"https:\/\/elreporterodelacomunidad.com\/index.php\/wp-json\/wp\/v2\/categories?post=25529"},{"taxonomy":"post_tag","embeddable":true,"href":"https:\/\/elreporterodelacomunidad.com\/index.php\/wp-json\/wp\/v2\/tags?post=25529"}],"curies":[{"name":"wp","href":"https:\/\/api.w.org\/{rel}","templated":true}]}}