{"id":25451,"date":"2025-12-05T20:54:12","date_gmt":"2025-12-06T03:54:12","guid":{"rendered":"https:\/\/elreporterodelacomunidad.com\/?p=25451"},"modified":"2025-12-05T20:54:30","modified_gmt":"2025-12-06T03:54:30","slug":"siete-universidades-publicas-sin-recursos-para-cubrir-aguinaldos","status":"publish","type":"post","link":"https:\/\/elreporterodelacomunidad.com\/index.php\/2025\/12\/05\/siete-universidades-publicas-sin-recursos-para-cubrir-aguinaldos\/","title":{"rendered":"Siete universidades p\u00fablicas, sin recursos para cubrir aguinaldos"},"content":{"rendered":"\n<p>Ciudad de M\u00e9xico a 05 de diciembre de 2025 (La Jornada). Siete universidades p\u00fablicas han advertido que enfrentan dificultades financieras para pagar aguinaldos y otras prestaciones de fin de a\u00f1o, inform\u00f3 la Asociaci\u00f3n Nacional de Universidades e Instituciones de Educaci\u00f3n Superior (Anuies). Una de ellas es la Universidad Aut\u00f3noma de Sinaloa (UAS).<\/p>\n\n\n\n<p>Ante esta situaci\u00f3n y el hecho de que estas casas de estudios arrastran un d\u00e9ficit de 50 mil 400 millones de pesos, mientras el incremento presupuestal para el sector en 2026 ser\u00e1 de s\u00f3lo 1.8 por ciento, ayer el presidente de la Anuies, Luis Gonz\u00e1lez Placencia, tres rectores y una rectora se reunieron con Eddu Vera Anaya, jefe de la oficina del secretario de Hacienda y Cr\u00e9dito Publico. En la junta se acord\u00f3 instalar una mesa de di\u00e1logo para revisar los \u201cproblemas financieros urgentes\u201d de las universidades, entre ellos el pago de aguinaldos, jubilaciones y pensiones.<\/p>\n\n\n\n<p>Al concluir la reuni\u00f3n, Jes\u00fas Madue\u00f1a Molina, rector de la UAS, se\u00f1al\u00f3 a La Jornada que esa casa de estudios no cuenta con los aproximadamente 920 millones de pesos que requiere para cubrir el pago de aguinaldos.<\/p>\n\n\n\n<p>\u201cEse es el tema que nos trae aqu\u00ed. Ya hemos platicado con autoridades de Hacienda, con la subsecretaria de Egresos, Bertha G\u00f3mez, y con el subsecretario de Educaci\u00f3n Superior, Ricardo Villanueva.\u201d<\/p>\n\n\n\n<p>Asimismo, dijo que el gobernador de Sinaloa, el morenista Rub\u00e9n Rocha Moya, los ha apoyado en la gesti\u00f3n de recursos ante el titular de la Secretar\u00eda de Educaci\u00f3n P\u00fablica, Mario Delgado, \u201cy tambi\u00e9n \u00e9l ha hecho el compromiso de buscar opciones para brindarnos apoyo ante esta dif\u00edcil situaci\u00f3n que tenemos.\u201d En el caso de la UAS, 32 por ciento del subsidio es estatal y el resto es federal.<\/p>\n\n\n\n<p>Madue\u00f1a Molina espera cubrir el pago de aguinaldos. La fecha l\u00edmite por ley es el 20 de diciembre.<\/p>\n\n\n\n<p>\u201cSomos optimistas, hemos tenido buena respuesta, s\u00f3lo esperamos que en los pr\u00f3ximos d\u00edas se concrete alg\u00fan apoyo que nos ayude a acabar este a\u00f1o de manera menos traum\u00e1tica\u201d. Insisti\u00f3 en que la dotaci\u00f3n de recursos para cumplir con esa obligaci\u00f3n \u201ces lo que estamos gestionando. Nosotros ahora tenemos para pagar las dos quincenas de diciembre, pero no para el aguinaldo.\u201d<\/p>\n\n\n\n<p>Sobre el pago de aguinaldos en las universidades p\u00fablicas estatales, Gonz\u00e1lez Placencia coment\u00f3 que \u201ccomo cada a\u00f1o, eso implica una presi\u00f3n muy importante\u201d para las instituciones.<\/p>\n\n\n\n<p>\u201cTambi\u00e9n pedimos la sensibilidad de Hacienda. El subsecretario Villanueva ha hecho ya una gesti\u00f3n con la subsecretaria Bertha G\u00f3mez y entendemos que va por buen camino; se sensibiliz\u00f3 a la subsecretaria sobre la importancia que tiene que estos recursos se puedan otorgar.\u201d<\/p>\n\n\n\n<p>Dijo que las instituciones educativas y la Anuies \u201cestamos en la mejor disposici\u00f3n de contribuir a la pacificaci\u00f3n del pa\u00eds y eso incluye tambi\u00e9n, por supuesto, no generar otro tipo de problem\u00e1ticas que se deban a inconformidades porque los salarios no se pueden pagar\u201d.<\/p>\n\n\n\n<p>Tras se\u00f1alar que la primera mesa para resolver el pago de aguinaldos se llevar\u00e1 a cabo este mismo mes, confi\u00f3 en que no habr\u00e1 dificultades para llegar a un arreglo.<\/p>\n","protected":false},"excerpt":{"rendered":"<p>Ciudad de M\u00e9xico a 05 de diciembre de 2025 (La Jornada). Siete universidades p\u00fablicas han advertido que enfrentan dificultades financieras para pagar aguinaldos y otras prestaciones de fin de a\u00f1o, inform\u00f3 la Asociaci\u00f3n Nacional de Universidades e Instituciones de Educaci\u00f3n Superior (Anuies). Una de ellas es la Universidad Aut\u00f3noma de Sinaloa (UAS). Ante esta situaci\u00f3n [&hellip;]<\/p>\n","protected":false},"author":1,"featured_media":25452,"comment_status":"open","ping_status":"open","sticky":false,"template":"","format":"standard","meta":{"footnotes":""},"categories":[36],"tags":[],"class_list":["post-25451","post","type-post","status-publish","format-standard","has-post-thumbnail","hentry","category-educacion"],"_links":{"self":[{"href":"https:\/\/elreporterodelacomunidad.com\/index.php\/wp-json\/wp\/v2\/posts\/25451","targetHints":{"allow":["GET"]}}],"collection":[{"href":"https:\/\/elreporterodelacomunidad.com\/index.php\/wp-json\/wp\/v2\/posts"}],"about":[{"href":"https:\/\/elreporterodelacomunidad.com\/index.php\/wp-json\/wp\/v2\/types\/post"}],"author":[{"embeddable":true,"href":"https:\/\/elreporterodelacomunidad.com\/index.php\/wp-json\/wp\/v2\/users\/1"}],"replies":[{"embeddable":true,"href":"https:\/\/elreporterodelacomunidad.com\/index.php\/wp-json\/wp\/v2\/comments?post=25451"}],"version-history":[{"count":1,"href":"https:\/\/elreporterodelacomunidad.com\/index.php\/wp-json\/wp\/v2\/posts\/25451\/revisions"}],"predecessor-version":[{"id":25453,"href":"https:\/\/elreporterodelacomunidad.com\/index.php\/wp-json\/wp\/v2\/posts\/25451\/revisions\/25453"}],"wp:featuredmedia":[{"embeddable":true,"href":"https:\/\/elreporterodelacomunidad.com\/index.php\/wp-json\/wp\/v2\/media\/25452"}],"wp:attachment":[{"href":"https:\/\/elreporterodelacomunidad.com\/index.php\/wp-json\/wp\/v2\/media?parent=25451"}],"wp:term":[{"taxonomy":"category","embeddable":true,"href":"https:\/\/elreporterodelacomunidad.com\/index.php\/wp-json\/wp\/v2\/categories?post=25451"},{"taxonomy":"post_tag","embeddable":true,"href":"https:\/\/elreporterodelacomunidad.com\/index.php\/wp-json\/wp\/v2\/tags?post=25451"}],"curies":[{"name":"wp","href":"https:\/\/api.w.org\/{rel}","templated":true}]}}