{"id":25385,"date":"2025-12-04T14:41:17","date_gmt":"2025-12-04T21:41:17","guid":{"rendered":"https:\/\/elreporterodelacomunidad.com\/?p=25385"},"modified":"2025-12-04T14:41:20","modified_gmt":"2025-12-04T21:41:20","slug":"atestigua-patty-ruibal-exito-de-la-segunda-edicion-del-programa-turiarte-miercoles-de-mujeres-emprendedoras","status":"publish","type":"post","link":"https:\/\/elreporterodelacomunidad.com\/index.php\/2025\/12\/04\/atestigua-patty-ruibal-exito-de-la-segunda-edicion-del-programa-turiarte-miercoles-de-mujeres-emprendedoras\/","title":{"rendered":"Atestigua Patty Ruibal \u00e9xito de la segunda edici\u00f3n del programa TuriArte: Mi\u00e9rcoles de Mujeres Emprendedoras"},"content":{"rendered":"\n<p>Las y los integrantes de la Orquesta Infantil y Juvenil de DIF Hermosillo matizaron con su m\u00fasica la venta de variados productos.<\/p>\n\n\n\n<p>Hermosillo, Sonora a 04 de diciembre de 2025.- La Presidenta del sistema DIF Hermosillo Patricia Ruibal Zaragoza, constat\u00f3 el \u00e9xito de la segunda edici\u00f3n del Programa TuriArte en el que se disfrut\u00f3 una velada de vendimia y talento juvenil en la Plaza Hidalgo, del Centro Hist\u00f3rico de Hermosillo.<\/p>\n\n\n\n<p>Esta actividad fue posible gracias a un esfuerzo coordinado del Ayuntamiento de Hermosillo y el Sindicato Mexicano Hiaki: Mujeres que hablan fuerte, mediante el cual se apoyan los esfuerzos emprendedores de mujeres de la localidad y se crea una nueva oportunidad de convivencia familiar el primer mi\u00e9rcoles de cada mes.<\/p>\n\n\n\n<p>Patty Ruibal recorri\u00f3 los puestos del Bazar emprendedor acompa\u00f1ada por Madeleine Bonnafoux, directora general de DIF Hermosillo y Fernanda Cisneros Rodr\u00edguez, directora de Desarrollo Tur\u00edstico de la Agencia Municipal de Desarrollo Econ\u00f3mico, as\u00ed como por Alejandra Mill\u00e1n L\u00f3pez y Diana Ver\u00f3nica Quiroga Copado, presidenta nacional y presidenta en Hermosillo de la organizaci\u00f3n Hiaki, respectivamente.<\/p>\n\n\n\n<p>Como fondo auditivo las y los integrantes de la Orquesta Juvenil de Hermosillo llenaron la tarde noche interpretando una parte de su variado repertorio musical.<\/p>\n\n\n\n<p>TuriArte: Mi\u00e9rcoles de Mujeres Emprendedoras arranc\u00f3 en octubre y entre sus objetivos tiene el de dinamizar la actividad en el Centro Hist\u00f3rico de la ciudad, particularmente la plaza Hidalgo y sus alrededores, explic\u00f3 Fernanda Cisneros.<\/p>\n\n\n\n<p>\u201cAqu\u00ed la gente puede encontrar todo tipo de emprendimientos, hay desde art\u00edculos personales, chamarras hechas a mano, bordadas, botas, bisuter\u00eda, cosm\u00e9ticos, aplicaciones donde se promueve la ciudad y muchas otras cosas que puedes encontrar los mi\u00e9rcoles de TuriArte Mujeres Hiaki\u201d, relat\u00f3.<\/p>\n\n\n\n<p>Adem\u00e1s del Bazar el programa incluye actividades como talleres creativos, charlas motivacionales, apoyo al talento local con presentaciones en vivo, y transmisiones por redes sociales.<\/p>\n\n\n\n<p class=\"has-text-align-center\"><img loading=\"lazy\" decoding=\"async\" width=\"500\" height=\"334\" class=\"wp-image-25387\" style=\"width: 500px;\" src=\"https:\/\/elreporterodelacomunidad.com\/wp-content\/uploads\/2025\/12\/f4d54142-b383-4822-a1b6-08b80941334e.jpg\" alt=\"\" srcset=\"https:\/\/elreporterodelacomunidad.com\/wp-content\/uploads\/2025\/12\/f4d54142-b383-4822-a1b6-08b80941334e.jpg 1280w, https:\/\/elreporterodelacomunidad.com\/wp-content\/uploads\/2025\/12\/f4d54142-b383-4822-a1b6-08b80941334e-300x200.jpg 300w, https:\/\/elreporterodelacomunidad.com\/wp-content\/uploads\/2025\/12\/f4d54142-b383-4822-a1b6-08b80941334e-1024x683.jpg 1024w, https:\/\/elreporterodelacomunidad.com\/wp-content\/uploads\/2025\/12\/f4d54142-b383-4822-a1b6-08b80941334e-768x512.jpg 768w, https:\/\/elreporterodelacomunidad.com\/wp-content\/uploads\/2025\/12\/f4d54142-b383-4822-a1b6-08b80941334e-750x500.jpg 750w, https:\/\/elreporterodelacomunidad.com\/wp-content\/uploads\/2025\/12\/f4d54142-b383-4822-a1b6-08b80941334e-1140x761.jpg 1140w\" sizes=\"auto, (max-width: 500px) 100vw, 500px\" \/><\/p>\n","protected":false},"excerpt":{"rendered":"<p>Las y los integrantes de la Orquesta Infantil y Juvenil de DIF Hermosillo matizaron con su m\u00fasica la venta de variados productos. Hermosillo, Sonora a 04 de diciembre de 2025.- La Presidenta del sistema DIF Hermosillo Patricia Ruibal Zaragoza, constat\u00f3 el \u00e9xito de la segunda edici\u00f3n del Programa TuriArte en el que se disfrut\u00f3 una [&hellip;]<\/p>\n","protected":false},"author":2,"featured_media":25386,"comment_status":"open","ping_status":"open","sticky":false,"template":"","format":"standard","meta":{"footnotes":""},"categories":[36],"tags":[],"class_list":["post-25385","post","type-post","status-publish","format-standard","has-post-thumbnail","hentry","category-educacion"],"_links":{"self":[{"href":"https:\/\/elreporterodelacomunidad.com\/index.php\/wp-json\/wp\/v2\/posts\/25385","targetHints":{"allow":["GET"]}}],"collection":[{"href":"https:\/\/elreporterodelacomunidad.com\/index.php\/wp-json\/wp\/v2\/posts"}],"about":[{"href":"https:\/\/elreporterodelacomunidad.com\/index.php\/wp-json\/wp\/v2\/types\/post"}],"author":[{"embeddable":true,"href":"https:\/\/elreporterodelacomunidad.com\/index.php\/wp-json\/wp\/v2\/users\/2"}],"replies":[{"embeddable":true,"href":"https:\/\/elreporterodelacomunidad.com\/index.php\/wp-json\/wp\/v2\/comments?post=25385"}],"version-history":[{"count":1,"href":"https:\/\/elreporterodelacomunidad.com\/index.php\/wp-json\/wp\/v2\/posts\/25385\/revisions"}],"predecessor-version":[{"id":25388,"href":"https:\/\/elreporterodelacomunidad.com\/index.php\/wp-json\/wp\/v2\/posts\/25385\/revisions\/25388"}],"wp:featuredmedia":[{"embeddable":true,"href":"https:\/\/elreporterodelacomunidad.com\/index.php\/wp-json\/wp\/v2\/media\/25386"}],"wp:attachment":[{"href":"https:\/\/elreporterodelacomunidad.com\/index.php\/wp-json\/wp\/v2\/media?parent=25385"}],"wp:term":[{"taxonomy":"category","embeddable":true,"href":"https:\/\/elreporterodelacomunidad.com\/index.php\/wp-json\/wp\/v2\/categories?post=25385"},{"taxonomy":"post_tag","embeddable":true,"href":"https:\/\/elreporterodelacomunidad.com\/index.php\/wp-json\/wp\/v2\/tags?post=25385"}],"curies":[{"name":"wp","href":"https:\/\/api.w.org\/{rel}","templated":true}]}}