{"id":25358,"date":"2025-12-04T10:50:47","date_gmt":"2025-12-04T17:50:47","guid":{"rendered":"https:\/\/elreporterodelacomunidad.com\/?p=25358"},"modified":"2025-12-04T10:50:52","modified_gmt":"2025-12-04T17:50:52","slug":"universidad-de-sonora-reconoce-a-maria-del-carmen-candia-plata-con-el-premio-a-la-trayectoria-y-al-merito-academico-2025","status":"publish","type":"post","link":"https:\/\/elreporterodelacomunidad.com\/index.php\/2025\/12\/04\/universidad-de-sonora-reconoce-a-maria-del-carmen-candia-plata-con-el-premio-a-la-trayectoria-y-al-merito-academico-2025\/","title":{"rendered":"Universidad de Sonora reconoce a Maria del Carmen Candia Plata con el Premio a la Trayectoria y al M\u00e9rito Acad\u00e9mico 2025"},"content":{"rendered":"\n<p>Hermosillo, Sonora a 04 de diciembre de 2025.- El Premio Universidad de Sonora a la Trayectoria y al M\u00e9rito Acad\u00e9mico 2025 fue otorgado hoy a Maria del Carmen Candia Plata. Este m\u00e1ximo reconocimiento institucional distingue a quienes han contribuido de forma ejemplar al fortalecimiento acad\u00e9mico a trav\u00e9s de la docencia, la investigaci\u00f3n y el servicio universitario.<\/p>\n\n\n\n<p>En esta edici\u00f3n, la distinci\u00f3n resalta el trabajo sostenido, \u00e9tico y profundamente humanista de la doctora Candia Plata, adscrita al Departamento de Medicina y Ciencias de la Salud, del campus Hermosillo, cuya labor ha marcado la formaci\u00f3n de profesionales durante m\u00e1s de cuatro d\u00e9cadas.<\/p>\n\n\n\n<p>La ceremonia de entrega se realiz\u00f3 este 3 de diciembre, en el Auditorio del Centro de las Artes, con la presencia de autoridades universitarias, docentes, estudiantes, integrantes del jurado, as\u00ed como familiares y amistades de la homenajeada, quienes acompa\u00f1aron este acto que celebra la excelencia acad\u00e9mica.<\/p>\n\n\n\n<p>Despu\u00e9s de entregar el reconocimiento y la medalla a la docente distinguida, la rectora Dena Mar\u00eda Camarena G\u00f3mez expres\u00f3 que la Universidad de Sonora honra a una acad\u00e9mica cuya trayectoria ha marcado a generaciones enteras y reconoci\u00f3 la entrega de la doctora Mar\u00eda del Carmen Candia Plata.<\/p>\n\n\n\n<p>\u201cEste premio constituye la mayor distinci\u00f3n que otorga la instituci\u00f3n a lo m\u00e1s destacado de nuestros acad\u00e9micos; en este caso, a la mejor, de acuerdo con los par\u00e1metros que fija la convocatoria del premio, cuya ganadora de este a\u00f1o fue seleccionada por un jurado compuesto por personas honorables y con una intachable calidad moral\u201d, se\u00f1al\u00f3.<\/p>\n\n\n\n<p>Camarena G\u00f3mez destac\u00f3 que el galard\u00f3n simboliza el aprecio institucional hacia una figura esencial en la vida universitaria y que la homenajeada representa el esp\u00edritu acad\u00e9mico que sustenta a esta casa de estudios, reforzando su compromiso con la docencia, la investigaci\u00f3n y la formaci\u00f3n \u00e9tica.<\/p>\n\n\n\n<p>\u201cConsidero que nada es m\u00e1s trascendente en esta casa de estudios que el reconocimiento a la trayectoria acad\u00e9mica, pues la excelencia docente, la libertad de c\u00e1tedra y el trabajo de investigaci\u00f3n cient\u00edfica con visi\u00f3n de futuro, constituyen los fundamentos m\u00e1s profundos e irrenunciables de nuestro trabajo en las aulas y laboratorios, y se convierten en piezas fundamentales para la existencia y contribuci\u00f3n social de la Universidad de Sonora\u201d, enfatiz\u00f3.<\/p>\n\n\n\n<p class=\"has-text-align-center\"><img loading=\"lazy\" decoding=\"async\" width=\"500\" height=\"294\" class=\"wp-image-25360\" style=\"width: 500px;\" src=\"https:\/\/elreporterodelacomunidad.com\/wp-content\/uploads\/2025\/12\/thumbnail_PREMIO-UNIVERSIDAD-DE-SONORA-A-LA-TRAYECTORIA-Y-AL-MERITO-ACADEMICO-1.jpg\" alt=\"\" srcset=\"https:\/\/elreporterodelacomunidad.com\/wp-content\/uploads\/2025\/12\/thumbnail_PREMIO-UNIVERSIDAD-DE-SONORA-A-LA-TRAYECTORIA-Y-AL-MERITO-ACADEMICO-1.jpg 1920w, https:\/\/elreporterodelacomunidad.com\/wp-content\/uploads\/2025\/12\/thumbnail_PREMIO-UNIVERSIDAD-DE-SONORA-A-LA-TRAYECTORIA-Y-AL-MERITO-ACADEMICO-1-300x176.jpg 300w, https:\/\/elreporterodelacomunidad.com\/wp-content\/uploads\/2025\/12\/thumbnail_PREMIO-UNIVERSIDAD-DE-SONORA-A-LA-TRAYECTORIA-Y-AL-MERITO-ACADEMICO-1-1024x602.jpg 1024w, https:\/\/elreporterodelacomunidad.com\/wp-content\/uploads\/2025\/12\/thumbnail_PREMIO-UNIVERSIDAD-DE-SONORA-A-LA-TRAYECTORIA-Y-AL-MERITO-ACADEMICO-1-768x451.jpg 768w, https:\/\/elreporterodelacomunidad.com\/wp-content\/uploads\/2025\/12\/thumbnail_PREMIO-UNIVERSIDAD-DE-SONORA-A-LA-TRAYECTORIA-Y-AL-MERITO-ACADEMICO-1-1536x902.jpg 1536w, https:\/\/elreporterodelacomunidad.com\/wp-content\/uploads\/2025\/12\/thumbnail_PREMIO-UNIVERSIDAD-DE-SONORA-A-LA-TRAYECTORIA-Y-AL-MERITO-ACADEMICO-1-750x441.jpg 750w, https:\/\/elreporterodelacomunidad.com\/wp-content\/uploads\/2025\/12\/thumbnail_PREMIO-UNIVERSIDAD-DE-SONORA-A-LA-TRAYECTORIA-Y-AL-MERITO-ACADEMICO-1-1140x670.jpg 1140w\" sizes=\"auto, (max-width: 500px) 100vw, 500px\" \/><\/p>\n\n\n\n<p class=\"has-text-align-center\">Reiter\u00f3 que este premio es un mensaje para toda la planta acad\u00e9mica.<\/p>\n\n\n\n<p>\u201cOtorgarle el Premio a la Trayectoria y M\u00e9rito Acad\u00e9mico a la doctora Candia Plata, es dignificar la labor de las y los profesores e investigadores universitarios, que convierten cada d\u00eda en una oportunidad para formar mejores individuos y realizarse en la mejora constante como docentes e investigadores\u201d, agreg\u00f3 la rectora.<\/p>\n\n\n\n<p>En su momento, la doctora Maria del Carmen Candia Plata dirigi\u00f3 unas palabras, en las que expres\u00f3 que recibir este reconocimiento despierta una profunda emoci\u00f3n, pues representa d\u00e9cadas de aprendizaje compartido y un trabajo construido junto a muchas personas y que cada logro forma parte de un esfuerzo colectivo que la ha acompa\u00f1ado a lo largo de su vida acad\u00e9mica.<\/p>\n\n\n\n<p>\u201cRecibo este premio con enorme gratitud, pero tambi\u00e9n con la conciencia de que esto es el resultado del trabajo realizado de forma sin\u00e9rgica con estudiantes, colegas universitarios e investigadores de instituciones hermanas, con los que he tenido la fortuna de encontrarme a lo largo de 42 a\u00f1os. En funci\u00f3n de esto, es que expreso mi m\u00e1s profundo agradecimiento al doctor Gerardo \u00c1lvarez Hern\u00e1ndez y a los miembros de la Academia de Biomedicina del Departamento de Medicina y Ciencias de la Salud\u201d, resalt\u00f3.<\/p>\n\n\n\n<p>La homenajeada se\u00f1al\u00f3 que la labor universitaria implica asumir la docencia, la investigaci\u00f3n y la extensi\u00f3n como ejes esenciales del quehacer acad\u00e9mico y que cumplir con estas funciones exige reinterpretar el conocimiento y hacerlo significativo para las nuevas generaciones.<\/p>\n\n\n\n<p>Reconoci\u00f3 que la libertad de c\u00e1tedra ha permitido que este proceso sea posible dentro de la instituci\u00f3n, y record\u00f3 con gratitud el respaldo recibido en distintas etapas profesionales, ya que la gesti\u00f3n tambi\u00e9n form\u00f3 parte importante de su trayectoria.<\/p>\n\n\n\n<p>Candia Plata agradeci\u00f3 a quienes han influido de manera determinante en su formaci\u00f3n personal y profesional, especialmente a las y los estudiantes que la han inspirado y motivado a lo largo de los a\u00f1os y destac\u00f3 con especial afecto la energ\u00eda que cada generaci\u00f3n aporta al aula y lo mucho que esto ha enriquecido su visi\u00f3n de la academia.<\/p>\n\n\n\n<p>Finalmente, comparti\u00f3 la alegr\u00eda de vivir este momento junto a su familia, a quienes considera parte fundamental de su camino, y reconoci\u00f3 que este premio renueva su compromiso con la educaci\u00f3n superior y con la misi\u00f3n social de la Universidad de Sonora y reafirm\u00f3 su convicci\u00f3n de que la formaci\u00f3n universitaria transforma vidas y contribuye al bienestar de la sociedad.<\/p>\n\n\n\n<p>Humanismo, rigor acad\u00e9mico y servicio<\/p>\n\n\n\n<p>Con m\u00e1s de 42 a\u00f1os en la Universidad de Sonora, Maria del Carmen Candia Plata ha impulsado la formaci\u00f3n de m\u00faltiples generaciones. Egresada de Medicina por la UNAM y con un Doctorado en Ciencias, inici\u00f3 su labor docente en el \u00e1rea de Ciencias Qu\u00edmico-Biol\u00f3gicas durante 25 a\u00f1os y posteriormente se integr\u00f3 a la Licenciatura en Medicina, donde ha sido profesora, coordinadora e integrante de cuerpos colegiados esenciales para el fortalecimiento acad\u00e9mico del programa.<\/p>\n\n\n\n<p>Ha participado en procesos de acreditaciones nacionales e internacionales, actualizaci\u00f3n de planes de estudio, consolidaci\u00f3n de cuerpos acad\u00e9micos y evaluaci\u00f3n institucional. En cada una de estas tareas, ha mantenido un enfoque que une precisi\u00f3n cient\u00edfica y profundo sentido humanista.<\/p>\n\n\n\n<p>A lo largo de su carrera ha colaborado en comit\u00e9s de \u00e9tica, redes nacionales de educaci\u00f3n en salud y espacios de evaluaci\u00f3n profesional, y sus colegas la identifican como una acad\u00e9mica \u00edntegra, capaz de conducir procesos complejos con claridad y equilibrio. Para generaciones de egresados, su labor representa una gu\u00eda formativa que ha influido notablemente en su desarrollo profesional.<\/p>\n\n\n\n<p>Su legado m\u00e1s profundo, sin embargo, est\u00e1 en la formaci\u00f3n de generaciones de profesionistas: qu\u00edmicos, m\u00e9dicos generales, especialistas, acad\u00e9micos y l\u00edderes en unidades hospitalarias del estado, quienes recuerdan en ella a una maestra exigente, humana y siempre dispuesta a abrir caminos.<\/p>\n","protected":false},"excerpt":{"rendered":"<p>Hermosillo, Sonora a 04 de diciembre de 2025.- El Premio Universidad de Sonora a la Trayectoria y al M\u00e9rito Acad\u00e9mico 2025 fue otorgado hoy a Maria del Carmen Candia Plata. Este m\u00e1ximo reconocimiento institucional distingue a quienes han contribuido de forma ejemplar al fortalecimiento acad\u00e9mico a trav\u00e9s de la docencia, la investigaci\u00f3n y el servicio [&hellip;]<\/p>\n","protected":false},"author":2,"featured_media":25359,"comment_status":"open","ping_status":"open","sticky":false,"template":"","format":"standard","meta":{"footnotes":""},"categories":[36],"tags":[],"class_list":["post-25358","post","type-post","status-publish","format-standard","has-post-thumbnail","hentry","category-educacion"],"_links":{"self":[{"href":"https:\/\/elreporterodelacomunidad.com\/index.php\/wp-json\/wp\/v2\/posts\/25358","targetHints":{"allow":["GET"]}}],"collection":[{"href":"https:\/\/elreporterodelacomunidad.com\/index.php\/wp-json\/wp\/v2\/posts"}],"about":[{"href":"https:\/\/elreporterodelacomunidad.com\/index.php\/wp-json\/wp\/v2\/types\/post"}],"author":[{"embeddable":true,"href":"https:\/\/elreporterodelacomunidad.com\/index.php\/wp-json\/wp\/v2\/users\/2"}],"replies":[{"embeddable":true,"href":"https:\/\/elreporterodelacomunidad.com\/index.php\/wp-json\/wp\/v2\/comments?post=25358"}],"version-history":[{"count":1,"href":"https:\/\/elreporterodelacomunidad.com\/index.php\/wp-json\/wp\/v2\/posts\/25358\/revisions"}],"predecessor-version":[{"id":25361,"href":"https:\/\/elreporterodelacomunidad.com\/index.php\/wp-json\/wp\/v2\/posts\/25358\/revisions\/25361"}],"wp:featuredmedia":[{"embeddable":true,"href":"https:\/\/elreporterodelacomunidad.com\/index.php\/wp-json\/wp\/v2\/media\/25359"}],"wp:attachment":[{"href":"https:\/\/elreporterodelacomunidad.com\/index.php\/wp-json\/wp\/v2\/media?parent=25358"}],"wp:term":[{"taxonomy":"category","embeddable":true,"href":"https:\/\/elreporterodelacomunidad.com\/index.php\/wp-json\/wp\/v2\/categories?post=25358"},{"taxonomy":"post_tag","embeddable":true,"href":"https:\/\/elreporterodelacomunidad.com\/index.php\/wp-json\/wp\/v2\/tags?post=25358"}],"curies":[{"name":"wp","href":"https:\/\/api.w.org\/{rel}","templated":true}]}}