{"id":25314,"date":"2025-12-02T15:20:31","date_gmt":"2025-12-02T22:20:31","guid":{"rendered":"https:\/\/elreporterodelacomunidad.com\/?p=25314"},"modified":"2025-12-02T15:20:36","modified_gmt":"2025-12-02T22:20:36","slug":"anuncian-ajustes-del-h-bus-en-paradas-y-horarios-cerca-de-la-unison-a-partir-del-viernes-5-de-diciembre","status":"publish","type":"post","link":"https:\/\/elreporterodelacomunidad.com\/index.php\/2025\/12\/02\/anuncian-ajustes-del-h-bus-en-paradas-y-horarios-cerca-de-la-unison-a-partir-del-viernes-5-de-diciembre\/","title":{"rendered":"Anuncian ajustes del H Bus en paradas y horarios cerca de la UNISON a partir del viernes 5 de diciembre"},"content":{"rendered":"\n<p>Para evitar la saturaci\u00f3n de espacios donde coinciden unidades H Bus y UNE, se habilitar\u00e1 un nuevo punto de ascenso y descenso frente al asilo de ancianos Juan Pablo II.<\/p>\n\n\n\n<p>Hermosillo, Sonora a 02 de diciembre de 2025.- Con el objetivo de mejorar el flujo y la seguridad en las zonas donde confluyen las unidades de H Bus y UNE, especialmente en el \u00e1rea de la UNISON y el antiguo hospital, a partir del viernes 5 de diciembre se implementar\u00e1n ajustes en algunas rutas y horarios del servicio de transporte el\u00e9ctrico gratuito para universitarios, inform\u00f3 la Agencia Municipal de Energ\u00eda y Cambio Clim\u00e1tico.<\/p>\n\n\n\n<p>Como parte de esta adecuaci\u00f3n, se habilit\u00f3 un nuevo punto de parada de uso exclusivo para H Bus a la altura del asilo de ancianos Juan Pablo II, donde operar\u00e1n ciertas salidas estrat\u00e9gicas para reducir la saturaci\u00f3n en las paradas actuales.<\/p>\n\n\n\n<p>Durante esta semana se estar\u00e1 notificando a sus usuarios sobre estos cambios mediante anuncios directos en las unidades y comunicaciones enviadas por correo electr\u00f3nico.<\/p>\n\n\n\n<p>El inicio de la modificaci\u00f3n se program\u00f3 el viernes por ser el d\u00eda de menor afluencia estudiantil, lo que permitir\u00e1 una transici\u00f3n m\u00e1s ordenada. Se invita a las y los usuarios a mantenerse atentos a los avisos oficiales durante los pr\u00f3ximos d\u00edas.<\/p>\n\n\n\n<p>Rutas y horarios que cambiar\u00e1n de punto de parada a partir del 5 de diciembre:<\/p>\n\n\n\n<p>Salida 14:15 horas<br>\u2022Parada Asilo de ancianos Juan Pablo II<br>Rutas: R1, R1A, R2, R3, R5, R6, R9<br>\u2022Parada UNISON<br>Rutas: R4, R7<\/p>\n\n\n\n<p>Salida 18:15 horas<br>\u2022Parada Asilo de ancianos Juan Pablo II<br>Rutas: R1, R2, R3, R5, R6, R7<\/p>\n\n\n\n<p>Salida 20:15 horas<br>\u2022Parada Asilo de ancianos Juan Pablo II<br>Rutas: R1, R2, R3, R4, R5, R6<\/p>\n\n\n\n<p>Salida 21:15 horas<br>\u2022Parada Asilo de ancianos Juan Pablo II<br>Rutas: R1, R2, R3<br>\u2022Parada UNISON<br>Ruta: R5<\/p>\n","protected":false},"excerpt":{"rendered":"<p>Para evitar la saturaci\u00f3n de espacios donde coinciden unidades H Bus y UNE, se habilitar\u00e1 un nuevo punto de ascenso y descenso frente al asilo de ancianos Juan Pablo II. Hermosillo, Sonora a 02 de diciembre de 2025.- Con el objetivo de mejorar el flujo y la seguridad en las zonas donde confluyen las unidades [&hellip;]<\/p>\n","protected":false},"author":2,"featured_media":25315,"comment_status":"open","ping_status":"open","sticky":false,"template":"","format":"standard","meta":{"footnotes":""},"categories":[36],"tags":[],"class_list":["post-25314","post","type-post","status-publish","format-standard","has-post-thumbnail","hentry","category-educacion"],"_links":{"self":[{"href":"https:\/\/elreporterodelacomunidad.com\/index.php\/wp-json\/wp\/v2\/posts\/25314","targetHints":{"allow":["GET"]}}],"collection":[{"href":"https:\/\/elreporterodelacomunidad.com\/index.php\/wp-json\/wp\/v2\/posts"}],"about":[{"href":"https:\/\/elreporterodelacomunidad.com\/index.php\/wp-json\/wp\/v2\/types\/post"}],"author":[{"embeddable":true,"href":"https:\/\/elreporterodelacomunidad.com\/index.php\/wp-json\/wp\/v2\/users\/2"}],"replies":[{"embeddable":true,"href":"https:\/\/elreporterodelacomunidad.com\/index.php\/wp-json\/wp\/v2\/comments?post=25314"}],"version-history":[{"count":1,"href":"https:\/\/elreporterodelacomunidad.com\/index.php\/wp-json\/wp\/v2\/posts\/25314\/revisions"}],"predecessor-version":[{"id":25316,"href":"https:\/\/elreporterodelacomunidad.com\/index.php\/wp-json\/wp\/v2\/posts\/25314\/revisions\/25316"}],"wp:featuredmedia":[{"embeddable":true,"href":"https:\/\/elreporterodelacomunidad.com\/index.php\/wp-json\/wp\/v2\/media\/25315"}],"wp:attachment":[{"href":"https:\/\/elreporterodelacomunidad.com\/index.php\/wp-json\/wp\/v2\/media?parent=25314"}],"wp:term":[{"taxonomy":"category","embeddable":true,"href":"https:\/\/elreporterodelacomunidad.com\/index.php\/wp-json\/wp\/v2\/categories?post=25314"},{"taxonomy":"post_tag","embeddable":true,"href":"https:\/\/elreporterodelacomunidad.com\/index.php\/wp-json\/wp\/v2\/tags?post=25314"}],"curies":[{"name":"wp","href":"https:\/\/api.w.org\/{rel}","templated":true}]}}