{"id":25300,"date":"2025-12-02T14:51:49","date_gmt":"2025-12-02T21:51:49","guid":{"rendered":"https:\/\/elreporterodelacomunidad.com\/?p=25300"},"modified":"2025-12-02T14:51:50","modified_gmt":"2025-12-02T21:51:50","slug":"unison-trabaja-por-la-inclusion-en-todos-sus-campus","status":"publish","type":"post","link":"https:\/\/elreporterodelacomunidad.com\/index.php\/2025\/12\/02\/unison-trabaja-por-la-inclusion-en-todos-sus-campus\/","title":{"rendered":"Unison trabaja por la inclusi\u00f3n en todos sus campus"},"content":{"rendered":"\n<p>Desde 1992, el 3 de diciembre se celebra el D\u00eda Internacional de las Personas con Discapacidad para promover sus derechos y bienestar en todos los \u00e1mbitos de la sociedad.<\/p>\n\n\n\n<p>Hermosillo, Sonora a 02 de diciembre de 2025.- La Universidad de Sonora promueve espacios inclusivos, por lo que cada vez cuenta con m\u00e1s estudiantes con discapacidad inscritos, y este semestre 2025-2 suman 363 en los seis campus.<\/p>\n\n\n\n<p>En el marco del 3 de diciembre, fecha en la que se celebra el D\u00eda Internacional de las Personas con Discapacidad, Julia Andrea Palomares Romero, responsable del \u00e1rea de Apoyo a la Educaci\u00f3n Inclusiva, de la Direcci\u00f3n de Apoyo a Estudiantes, destac\u00f3 que el objetivo es funcionar como una red de apoyo para los estudiantes con discapacidad.<\/p>\n\n\n\n<p>Los diagn\u00f3sticos de los estudiantes universitarios se organizan en un modelo social con discapacidad auditiva, visual, f\u00edsica, neuromotora y psicosocial. A ellos se les brinda acompa\u00f1amiento durante toda su carrera, as\u00ed como actividades de capacitaciones para sus compa\u00f1eros, planta acad\u00e9mica y administrativa.<\/p>\n\n\n\n<p>Dentro de la conmemoraci\u00f3n, y en colaboraci\u00f3n con la Comisi\u00f3n Estatal de Derechos Humanos, se ofrecer\u00e1 este mi\u00e9rcoles la conferencia \u201cDerechos Humanos de las Personas con Discapacidad\u201d, a las 10:00 horas en las Salas Interactivas del edificio 8A.<\/p>\n\n\n\n<p>\u00c1rea de Inclusi\u00f3n<br>La funcionaria universitaria puntualiz\u00f3 que, desde su ingreso, al aspirante con discapacidad se les brinda un curso de preparaci\u00f3n para el examen de admisi\u00f3n. Una vez aceptado se le invita a conocer el \u00e1rea de inclusi\u00f3n y se le realiza junto con su familia una entrevista personal.<\/p>\n\n\n\n<p>\u201cQue sepan que esta \u00e1rea funciona como una red de apoyo, que se puedan integrar poco a poco a la comunidad, que sepan este espacio tambi\u00e9n es con fines acad\u00e9micos, que conozcan que hay otros estudiantes con su misma discapacidad y que puedan sentirse un poco m\u00e1s c\u00f3modos y seguros aqu\u00ed en la universidad\u201d, precis\u00f3.<\/p>\n\n\n\n<p>Detall\u00f3 que sus datos se registran en el Sistema de Educaci\u00f3n Inclusiva y se les hace llegar a sus docentes para que con anticipaci\u00f3n conozcan la situaci\u00f3n de vida de los estudiantes que van a recibir y puedan aplicar los ajustes razonables en el sal\u00f3n de clases.<\/p>\n\n\n\n<p>Universidad Inclusiva<br>Palomares Romero especific\u00f3 que en la Unison trabajan en base a un modelo social con discapacidad auditiva, que son alumnos con hipoacusia y sordera; la visual, estudiantes con baja visi\u00f3n y ceguera; f\u00edsica, que es discapacidad neuromotora y motriz; y psicosocial, que presenta autismo y d\u00e9ficit de atenci\u00f3n.<\/p>\n\n\n\n<p>Las actividades del \u00c1rea de Inclusi\u00f3n no se limitan a la atenci\u00f3n del alumnado con discapacidad, tambi\u00e9n al resto de la comunidad universitaria.<\/p>\n\n\n\n<p>\u201cEl \u00e1rea en s\u00ed es con el objetivo de apoyar a los alumnos con discapacidad, pero tambi\u00e9n invitamos a todos los alumnos en general a que se unan y que conozcan el espacio a trav\u00e9s de los cursos de Lengua de Se\u00f1as Mexicanas y el taller de Braille, impartidos por alumnos que forman parte del \u00e1rea de inclusi\u00f3n\u201d, comparti\u00f3.<\/p>\n\n\n\n<p>Adem\u00e1s, manejan el Proyecto de Asesor\u00edas de Pares, por lo que invitan a estudiantes a realizar en el \u00e1rea su servicio social y pr\u00e1cticas profesionales.<\/p>\n","protected":false},"excerpt":{"rendered":"<p>Desde 1992, el 3 de diciembre se celebra el D\u00eda Internacional de las Personas con Discapacidad para promover sus derechos y bienestar en todos los \u00e1mbitos de la sociedad. Hermosillo, Sonora a 02 de diciembre de 2025.- La Universidad de Sonora promueve espacios inclusivos, por lo que cada vez cuenta con m\u00e1s estudiantes con discapacidad [&hellip;]<\/p>\n","protected":false},"author":2,"featured_media":25301,"comment_status":"open","ping_status":"open","sticky":false,"template":"","format":"standard","meta":{"footnotes":""},"categories":[36],"tags":[],"class_list":["post-25300","post","type-post","status-publish","format-standard","has-post-thumbnail","hentry","category-educacion"],"_links":{"self":[{"href":"https:\/\/elreporterodelacomunidad.com\/index.php\/wp-json\/wp\/v2\/posts\/25300","targetHints":{"allow":["GET"]}}],"collection":[{"href":"https:\/\/elreporterodelacomunidad.com\/index.php\/wp-json\/wp\/v2\/posts"}],"about":[{"href":"https:\/\/elreporterodelacomunidad.com\/index.php\/wp-json\/wp\/v2\/types\/post"}],"author":[{"embeddable":true,"href":"https:\/\/elreporterodelacomunidad.com\/index.php\/wp-json\/wp\/v2\/users\/2"}],"replies":[{"embeddable":true,"href":"https:\/\/elreporterodelacomunidad.com\/index.php\/wp-json\/wp\/v2\/comments?post=25300"}],"version-history":[{"count":1,"href":"https:\/\/elreporterodelacomunidad.com\/index.php\/wp-json\/wp\/v2\/posts\/25300\/revisions"}],"predecessor-version":[{"id":25302,"href":"https:\/\/elreporterodelacomunidad.com\/index.php\/wp-json\/wp\/v2\/posts\/25300\/revisions\/25302"}],"wp:featuredmedia":[{"embeddable":true,"href":"https:\/\/elreporterodelacomunidad.com\/index.php\/wp-json\/wp\/v2\/media\/25301"}],"wp:attachment":[{"href":"https:\/\/elreporterodelacomunidad.com\/index.php\/wp-json\/wp\/v2\/media?parent=25300"}],"wp:term":[{"taxonomy":"category","embeddable":true,"href":"https:\/\/elreporterodelacomunidad.com\/index.php\/wp-json\/wp\/v2\/categories?post=25300"},{"taxonomy":"post_tag","embeddable":true,"href":"https:\/\/elreporterodelacomunidad.com\/index.php\/wp-json\/wp\/v2\/tags?post=25300"}],"curies":[{"name":"wp","href":"https:\/\/api.w.org\/{rel}","templated":true}]}}