{"id":25264,"date":"2025-12-01T20:24:16","date_gmt":"2025-12-02T03:24:16","guid":{"rendered":"https:\/\/elreporterodelacomunidad.com\/?p=25264"},"modified":"2025-12-01T20:24:20","modified_gmt":"2025-12-02T03:24:20","slug":"diplomacia-municipal-hermosillo-busca-proyectarse-en-washington","status":"publish","type":"post","link":"https:\/\/elreporterodelacomunidad.com\/index.php\/2025\/12\/01\/diplomacia-municipal-hermosillo-busca-proyectarse-en-washington\/","title":{"rendered":"Diplomacia municipal: Hermosillo busca proyectarse en Washington."},"content":{"rendered":"\n<p><strong>Columna: Picando Cresta.<\/strong> <\/p>\n\n\n\n<p><strong>Diplomacia municipal: Hermosillo busca proyectarse en Washington.<\/strong><\/p>\n\n\n\n<p><strong>Becas para deportistas en Sonora: promesas no cumplidas y omisiones: La mira esta en Froyl\u00e1n G\u00e1mez, Secretario de Educaci\u00f3n y Cultura.<\/strong><\/p>\n\n\n\n<p>La presencia de Antonio \u201cTo\u00f1o\u201d Astiazar\u00e1n en The Heritage Foundation, uno de los centros de pensamiento m\u00e1s influyentes de Estados Unidos, marca un movimiento poco com\u00fan \u2014pero cada vez m\u00e1s necesario\u2014 para los gobiernos locales mexicanos: hacer diplomacia directa. En un contexto en el que los desaf\u00edos urbanos se entrelazan con din\u00e1micas globales, la internacionalizaci\u00f3n de las ciudades ya no es un lujo, sino una estrategia de supervivencia y competitividad.<\/p>\n\n\n\n<p>Astiazar\u00e1n lleg\u00f3 a Washington D.C. acompa\u00f1ado de otros alcaldes mexicanos, con una agenda que lo acerca a legisladores y funcionarios federales estadounidenses. El objetivo declarado es claro: fortalecer la cooperaci\u00f3n binacional en temas sensibles como seguridad, innovaci\u00f3n, atracci\u00f3n de inversiones y la posici\u00f3n estrat\u00e9gica de Hermosillo frente a Estados Unidos. No es menor que la reuni\u00f3n inicial haya sido en Heritage, un think tank con fuerte influencia dentro del Partido Republicano y con voz en debates sobre migraci\u00f3n, seguridad fronteriza y pol\u00edtica exterior.<\/p>\n\n\n\n<p>El encuentro con figuras como Roger Severino, Lora Ries y Mike Gonz\u00e1lez sugiere que el enfoque va m\u00e1s all\u00e1 del intercambio protocolario. Se trata de colocar a Hermosillo en la conversaci\u00f3n estadounidense que define pol\u00edticas fronterizas, tecnol\u00f3gicas y econ\u00f3micas. Esta l\u00ednea de trabajo refleja una tendencia creciente: municipios que buscan insertarse en redes internacionales sin depender exclusivamente de los canales diplom\u00e1ticos tradicionales.<\/p>\n\n\n\n<p>Si el Gobierno Municipal logra convertir estas reuniones en proyectos tangibles, Hermosillo podr\u00eda beneficiarse en \u00e1reas clave como la profesionalizaci\u00f3n de la gesti\u00f3n p\u00fablica, la captaci\u00f3n de capital tecnol\u00f3gico y la creaci\u00f3n de alianzas para seguridad y movilidad. Pero el reto ser\u00e1 demostrar que estos viajes no se quedan en fotograf\u00eda pol\u00edtica, sino que producen resultados verificables para la ciudadan\u00eda.<\/p>\n\n\n\n<p>En tiempos en los que la frontera norte es uno de los espacios geopol\u00edticos m\u00e1s relevantes del continente, la diplomacia municipal no solo es pertinente, sino estrat\u00e9gica. Hermosillo intenta dar ese paso; ahora deber\u00e1 sostenerlo con hechos.<\/p>\n\n\n\n<p class=\"has-text-align-center\"><img loading=\"lazy\" decoding=\"async\" width=\"500\" height=\"270\" class=\"wp-image-25266\" style=\"width: 500px;\" src=\"https:\/\/elreporterodelacomunidad.com\/wp-content\/uploads\/2025\/12\/forylangamezz-b675ff68.jpg\" alt=\"\" srcset=\"https:\/\/elreporterodelacomunidad.com\/wp-content\/uploads\/2025\/12\/forylangamezz-b675ff68.jpg 1200w, https:\/\/elreporterodelacomunidad.com\/wp-content\/uploads\/2025\/12\/forylangamezz-b675ff68-300x162.jpg 300w, https:\/\/elreporterodelacomunidad.com\/wp-content\/uploads\/2025\/12\/forylangamezz-b675ff68-1024x552.jpg 1024w, https:\/\/elreporterodelacomunidad.com\/wp-content\/uploads\/2025\/12\/forylangamezz-b675ff68-768x414.jpg 768w, https:\/\/elreporterodelacomunidad.com\/wp-content\/uploads\/2025\/12\/forylangamezz-b675ff68-750x404.jpg 750w, https:\/\/elreporterodelacomunidad.com\/wp-content\/uploads\/2025\/12\/forylangamezz-b675ff68-1140x615.jpg 1140w\" sizes=\"auto, (max-width: 500px) 100vw, 500px\" \/><\/p>\n\n\n\n<p><strong>Becas para deportistas en Sonora: promesas no cumplidas y omisiones: La mira esta en Froyl\u00e1n G\u00e1mez, Secretario de Educaci\u00f3n y Cultura.<\/strong><\/p>\n\n\n\n<p>Desde 2024, muchas familias en Sonora \u2014sobre todo madres de j\u00f3venes atletas, incluidos deportistas adaptados\u2014 denuncian que las becas prometidas por CODESON (Comisi\u00f3n del Deporte del Estado de Sonora) no les han sido entregadas. A pesar de sus constantes solicitudes y reclamos, \u201cno dan respuesta\u201d, advierten. Seg\u00fan relatan, con el paso de los d\u00edas sienten que esas becas jam\u00e1s llegar\u00e1n.<\/p>\n\n\n\n<p>La situaci\u00f3n provoca angustia: para muchas familias, ese apoyo econ\u00f3mico no es un lujo, es una ayuda esencial para costear inscripciones, equipo, transporte, terapias o rehabilitaci\u00f3n \u2014especialmente en el caso del deporte adaptado, cuyos atletas y sus familias han expresado su desesperaci\u00f3n.<\/p>\n\n\n\n<p>Por su parte, Codeson ha publicado reportes donde s\u00ed informa de entregas de becas. Por ejemplo, en febrero de 2025 se anunci\u00f3 la entrega de m\u00e1s de 11 millones 69 mil 500 pesos a 548 beneficiarios del programa de talento deportivo, correspondientes al periodo agosto-diciembre de 2024.<\/p>\n\n\n\n<p>Tambi\u00e9n en 2024, el organismo asegur\u00f3 haber otorgado 957 becas, de las cuales 457 correspond\u00edan a deportistas de diversas disciplinas.<\/p>\n\n\n\n<p>Adem\u00e1s, los apoyos supuestamente abarcan medallistas nacionales, prospectos, atletas paranacionales, e incluso entrenadores.<\/p>\n\n\n\n<p>Entonces \u00bfpor qu\u00e9 persisten las quejas y denuncias?<\/p>\n\n\n\n<p>Uno de los casos m\u00e1s graves \u2014y documentados\u2014 involucra a atletas adaptados. En noviembre de 2025 un paratleta originario de Sonora denunci\u00f3 p\u00fablicamente que no ha recibido su beca desde hace dos a\u00f1os y medio.<\/p>\n\n\n\n<p>Esa queja se une a la de \u201cvarios deportistas\u201d del mismo programa, lo que sugiere que no es un problema aislado.<\/p>\n\n\n\n<p>La paradoja resulta a\u00fan m\u00e1s cruda cuando se considera que la entidad presume \u201ca\u00f1os exitosos\u201d para el deporte adaptado. En 2024, por ejemplo, sus deportistas obtuvieron medallas en competencias nacionales e internacionales \u2014una medalla de plata en Juegos Paral\u00edmpicos y un r\u00e9cord de m\u00e1s de 100 medallas en los Paranacionales Conade, seg\u00fan su propia versi\u00f3n.<\/p>\n\n\n\n<p>M\u00e1s all\u00e1 de los logros deportivos, para cientos de familias el cumplimiento de las becas representa una deuda de justicia. Y la responsabilidad recae, no solo en la burocracia de Codeson, sino tambi\u00e9n \u2014como se\u00f1alan algunos padres de familia\u2014 en Froyl\u00e1n G\u00e1mez, titular de la Secretar\u00eda de Educaci\u00f3n y Cultura del Estado de Sonora (SEC). Critican que, en lugar de resolver este asunto econ\u00f3mico prioritario, estar\u00eda concentrado en actividades pol\u00edticas, en virtud de sus aspiraciones electorales en Hermosillo.<\/p>\n\n\n\n<p>Si el deporte pretende ser una aut\u00e9ntica oportunidad de desarrollo, el gobierno debe garantizar que los apoyos lleguen \u2014no que queden en discursos. Y sobre todo: debe hacerlo con transparencia, honestidad y sensibilidad hacia quienes lo necesitan.<\/p>\n\n\n\n<p>Porque m\u00e1s all\u00e1 de medallas, lo que est\u00e1 en juego es el derecho de j\u00f3venes y familias a un futuro digno, con oportunidades reales de superaci\u00f3n.<\/p>\n\n\n\n<p><strong>Sigue Picando Cresta &nbsp;en:<\/strong><\/p>\n\n\n\n<p>www.elreporterodelacomunidad.com<\/p>\n\n\n\n<p>Twitter: @elreporteroson<\/p>\n\n\n\n<p>Facebook: El Reportero de la Comunidad<\/p>\n\n\n\n<p>IG: elreporterodelcomunidad<\/p>\n\n\n\n<p>Tiktok: elreporterodelacomunidad<\/p>\n","protected":false},"excerpt":{"rendered":"<p>Columna: Picando Cresta. Diplomacia municipal: Hermosillo busca proyectarse en Washington. Becas para deportistas en Sonora: promesas no cumplidas y omisiones: La mira esta en Froyl\u00e1n G\u00e1mez, Secretario de Educaci\u00f3n y Cultura. La presencia de Antonio \u201cTo\u00f1o\u201d Astiazar\u00e1n en The Heritage Foundation, uno de los centros de pensamiento m\u00e1s influyentes de Estados Unidos, marca un movimiento [&hellip;]<\/p>\n","protected":false},"author":1,"featured_media":25265,"comment_status":"open","ping_status":"open","sticky":false,"template":"","format":"standard","meta":{"footnotes":""},"categories":[47,53,51,48,54,29,27,45],"tags":[],"class_list":["post-25264","post","type-post","status-publish","format-standard","has-post-thumbnail","hentry","category-columnas","category-editorial","category-elreporterodelacomunidad","category-noticiasdestacadas","category-picandocresta","category-principalsecundaria","category-ultimahora","category-ultimasnoticias"],"_links":{"self":[{"href":"https:\/\/elreporterodelacomunidad.com\/index.php\/wp-json\/wp\/v2\/posts\/25264","targetHints":{"allow":["GET"]}}],"collection":[{"href":"https:\/\/elreporterodelacomunidad.com\/index.php\/wp-json\/wp\/v2\/posts"}],"about":[{"href":"https:\/\/elreporterodelacomunidad.com\/index.php\/wp-json\/wp\/v2\/types\/post"}],"author":[{"embeddable":true,"href":"https:\/\/elreporterodelacomunidad.com\/index.php\/wp-json\/wp\/v2\/users\/1"}],"replies":[{"embeddable":true,"href":"https:\/\/elreporterodelacomunidad.com\/index.php\/wp-json\/wp\/v2\/comments?post=25264"}],"version-history":[{"count":1,"href":"https:\/\/elreporterodelacomunidad.com\/index.php\/wp-json\/wp\/v2\/posts\/25264\/revisions"}],"predecessor-version":[{"id":25267,"href":"https:\/\/elreporterodelacomunidad.com\/index.php\/wp-json\/wp\/v2\/posts\/25264\/revisions\/25267"}],"wp:featuredmedia":[{"embeddable":true,"href":"https:\/\/elreporterodelacomunidad.com\/index.php\/wp-json\/wp\/v2\/media\/25265"}],"wp:attachment":[{"href":"https:\/\/elreporterodelacomunidad.com\/index.php\/wp-json\/wp\/v2\/media?parent=25264"}],"wp:term":[{"taxonomy":"category","embeddable":true,"href":"https:\/\/elreporterodelacomunidad.com\/index.php\/wp-json\/wp\/v2\/categories?post=25264"},{"taxonomy":"post_tag","embeddable":true,"href":"https:\/\/elreporterodelacomunidad.com\/index.php\/wp-json\/wp\/v2\/tags?post=25264"}],"curies":[{"name":"wp","href":"https:\/\/api.w.org\/{rel}","templated":true}]}}