{"id":25179,"date":"2025-11-28T13:52:21","date_gmt":"2025-11-28T20:52:21","guid":{"rendered":"https:\/\/elreporterodelacomunidad.com\/?p=25179"},"modified":"2025-11-28T13:52:25","modified_gmt":"2025-11-28T20:52:25","slug":"obtiene-cecyte-sonora-segundo-lugar-nacional-en-eficiencia-terminal","status":"publish","type":"post","link":"https:\/\/elreporterodelacomunidad.com\/index.php\/2025\/11\/28\/obtiene-cecyte-sonora-segundo-lugar-nacional-en-eficiencia-terminal\/","title":{"rendered":"Obtiene Cecyte Sonora segundo lugar nacional en eficiencia terminal"},"content":{"rendered":"\n<p>Durante el ciclo escolar 2024-2025.<\/p>\n\n\n\n<p>La Paz, Baja California Sur; 28 de noviembre de 2025.- El Colegio de Estudios Cient\u00edficos y Tecnol\u00f3gicos del Estado de Sonora (Cecyte) obtuvo el segundo lugar a nivel nacional en el incremento de la Eficiencia Terminal correspondiente al ciclo escolar 2024-2025.<\/p>\n\n\n\n<p>Durante la Tercera Reuni\u00f3n Nacional de Directoras y Directores Generales de los Colegios de Estudios Cient\u00edficos y Tecnol\u00f3gicos (Cecyte) del pa\u00eds, se reconoci\u00f3 el esfuerzo de los planteles que han mostrado avances significativos en sus indicadores educativos.<\/p>\n\n\n\n<p>La directora general de Cecyte Sonora, Blanca Aurelia Valenzuela, se\u00f1al\u00f3 que este logro representa el compromiso y los resultados del trabajo de las y los docentes, quienes han impulsado estrategias efectivas para fortalecer la permanencia y el desempe\u00f1o estudiantil.<\/p>\n\n\n\n<p>Adem\u00e1s, resalt\u00f3 que este reconocimiento refleja el fortalecimiento de los procesos institucionales y el esfuerzo conjunto de docentes, personal administrativo y directivo.<\/p>\n\n\n\n<p>Cecyte Sonora reafirma el compromiso de una educaci\u00f3n de calidad impulsada por el Gobernador Alfonso Durazo, en beneficio de las y los j\u00f3venes sonorenses.<\/p>\n","protected":false},"excerpt":{"rendered":"<p>Durante el ciclo escolar 2024-2025. La Paz, Baja California Sur; 28 de noviembre de 2025.- El Colegio de Estudios Cient\u00edficos y Tecnol\u00f3gicos del Estado de Sonora (Cecyte) obtuvo el segundo lugar a nivel nacional en el incremento de la Eficiencia Terminal correspondiente al ciclo escolar 2024-2025. Durante la Tercera Reuni\u00f3n Nacional de Directoras y Directores [&hellip;]<\/p>\n","protected":false},"author":1,"featured_media":25180,"comment_status":"open","ping_status":"open","sticky":false,"template":"","format":"standard","meta":{"footnotes":""},"categories":[36],"tags":[],"class_list":["post-25179","post","type-post","status-publish","format-standard","has-post-thumbnail","hentry","category-educacion"],"_links":{"self":[{"href":"https:\/\/elreporterodelacomunidad.com\/index.php\/wp-json\/wp\/v2\/posts\/25179","targetHints":{"allow":["GET"]}}],"collection":[{"href":"https:\/\/elreporterodelacomunidad.com\/index.php\/wp-json\/wp\/v2\/posts"}],"about":[{"href":"https:\/\/elreporterodelacomunidad.com\/index.php\/wp-json\/wp\/v2\/types\/post"}],"author":[{"embeddable":true,"href":"https:\/\/elreporterodelacomunidad.com\/index.php\/wp-json\/wp\/v2\/users\/1"}],"replies":[{"embeddable":true,"href":"https:\/\/elreporterodelacomunidad.com\/index.php\/wp-json\/wp\/v2\/comments?post=25179"}],"version-history":[{"count":1,"href":"https:\/\/elreporterodelacomunidad.com\/index.php\/wp-json\/wp\/v2\/posts\/25179\/revisions"}],"predecessor-version":[{"id":25181,"href":"https:\/\/elreporterodelacomunidad.com\/index.php\/wp-json\/wp\/v2\/posts\/25179\/revisions\/25181"}],"wp:featuredmedia":[{"embeddable":true,"href":"https:\/\/elreporterodelacomunidad.com\/index.php\/wp-json\/wp\/v2\/media\/25180"}],"wp:attachment":[{"href":"https:\/\/elreporterodelacomunidad.com\/index.php\/wp-json\/wp\/v2\/media?parent=25179"}],"wp:term":[{"taxonomy":"category","embeddable":true,"href":"https:\/\/elreporterodelacomunidad.com\/index.php\/wp-json\/wp\/v2\/categories?post=25179"},{"taxonomy":"post_tag","embeddable":true,"href":"https:\/\/elreporterodelacomunidad.com\/index.php\/wp-json\/wp\/v2\/tags?post=25179"}],"curies":[{"name":"wp","href":"https:\/\/api.w.org\/{rel}","templated":true}]}}