{"id":2516,"date":"2024-02-18T00:00:00","date_gmt":"2024-02-18T07:00:00","guid":{"rendered":"https:\/\/elreporterodelacomunidad.com\/index.php\/2024\/02\/18\/es-hermosillo-anfitrion-del-torneo-nacional-de-sol-flag-football-5x5-gobierno-municipal\/"},"modified":"2024-05-18T22:42:54","modified_gmt":"2024-05-19T05:42:54","slug":"es-hermosillo-anfitrion-del-torneo-nacional-de-sol-flag-football-5x5-gobierno-municipal","status":"publish","type":"post","link":"https:\/\/elreporterodelacomunidad.com\/index.php\/2024\/02\/18\/es-hermosillo-anfitrion-del-torneo-nacional-de-sol-flag-football-5x5-gobierno-municipal\/","title":{"rendered":"Es Hermosillo anfitri\u00f3n del Torneo Nacional de Sol Flag Football 5&#215;5: Gobierno Municipal"},"content":{"rendered":"<div>Con la participaci\u00f3n de mil 500 deportistas se lleva a cabo la d\u00e9cima edici\u00f3n del Torneo Nacional de Sol Flag Football 5&#215;5 en El C\u00e1rcamo, destac\u00f3 Armando Labrada Garc\u00eda durante la inauguraci\u00f3n del evento.<\/div>\n<div><\/div>\n<div>El director del Instituto del Deporte de Hermosillo (IDH), a nombre del Presidente Municipal Antonio Astiazar\u00e1n dio la bienvenida a cientos de mujeres y hombres provenientes de estados como Baja California, Chihuahua, Sinaloa y Arizona, por mencionar algunos de los que compitieron en diferentes categor\u00edas.<\/div>\n<div><\/div>\n<div>\u201cTenemos un Presidente Municipal, To\u00f1o Astiazar\u00e1n, que le apuesta al deporte y aqu\u00ed est\u00e1 la prueba con esta Unidad Deportiva que es de las mejores a nivel del noroeste. Les damos la m\u00e1s cordial bienvenida a nuestra gran ciudad\u201d, agreg\u00f3.<\/div>\n<div><\/div>\n<div>Durante la inauguraci\u00f3n autoridades municipales y organizadores del evento reconocieron a Ana Consuelo Aguayo, Ana Rojano, Silvia Contreras, Ari Lora, Andrea Monsivais y Mariel Silva, integrantes de la Selecci\u00f3n Nacional de Football Flag que se han convertido en un ejemplo de disciplina y talento.<\/div>\n<div><\/div>\n<div>\u201cMuchas gracias a To\u00f1o Astiazar\u00e1n por permitirnos estar en este espacio por el bien del tocho y el futbol americano. Los juegos ol\u00edmpicos del 2028 han motivado a mucha gente y creo que esto es motivo para que la gente quiera jugar como ellas y hacer las cosas de una manera diferente\u201d, expres\u00f3 Jos\u00e9 Juan Ortiz, presidente del Comit\u00e9 Organizador.<\/div>\n<div><\/div>\n<div>El Gobierno Municipal facilit\u00f3 las instalaciones \u00f3ptimas de El C\u00e1rcamo para la celebraci\u00f3n de este Torneo que reuni\u00f3 a talento del interior de la Rep\u00fablica y de Estados Unidos en una serie de encuentros del 16 al 18 de febrero.<\/div>\n<div><\/div>\n<div>Asistieron tambi\u00e9n la regidora Zulma Galaz; Gabriela Bustamante, presidenta de la Liga Municipal; Carolina Garc\u00eda, comisionada de arbitraje y Paola Moreno, arbitro internacional.<\/div>\n","protected":false},"excerpt":{"rendered":"<p>El Gobierno Municipal apoy\u00f3 la celebraci\u00f3n de la d\u00e9cima edici\u00f3n de este torneo en las nuevas instalaciones de la Unidad Deportiva El C\u00e1rcamo.<\/p>\n","protected":false},"author":1,"featured_media":2519,"comment_status":"open","ping_status":"open","sticky":false,"template":"","format":"standard","meta":{"footnotes":""},"categories":[33],"tags":[],"class_list":["post-2516","post","type-post","status-publish","format-standard","has-post-thumbnail","hentry","category-deportes"],"_links":{"self":[{"href":"https:\/\/elreporterodelacomunidad.com\/index.php\/wp-json\/wp\/v2\/posts\/2516","targetHints":{"allow":["GET"]}}],"collection":[{"href":"https:\/\/elreporterodelacomunidad.com\/index.php\/wp-json\/wp\/v2\/posts"}],"about":[{"href":"https:\/\/elreporterodelacomunidad.com\/index.php\/wp-json\/wp\/v2\/types\/post"}],"author":[{"embeddable":true,"href":"https:\/\/elreporterodelacomunidad.com\/index.php\/wp-json\/wp\/v2\/users\/1"}],"replies":[{"embeddable":true,"href":"https:\/\/elreporterodelacomunidad.com\/index.php\/wp-json\/wp\/v2\/comments?post=2516"}],"version-history":[{"count":1,"href":"https:\/\/elreporterodelacomunidad.com\/index.php\/wp-json\/wp\/v2\/posts\/2516\/revisions"}],"predecessor-version":[{"id":2517,"href":"https:\/\/elreporterodelacomunidad.com\/index.php\/wp-json\/wp\/v2\/posts\/2516\/revisions\/2517"}],"wp:featuredmedia":[{"embeddable":true,"href":"https:\/\/elreporterodelacomunidad.com\/index.php\/wp-json\/wp\/v2\/media\/2519"}],"wp:attachment":[{"href":"https:\/\/elreporterodelacomunidad.com\/index.php\/wp-json\/wp\/v2\/media?parent=2516"}],"wp:term":[{"taxonomy":"category","embeddable":true,"href":"https:\/\/elreporterodelacomunidad.com\/index.php\/wp-json\/wp\/v2\/categories?post=2516"},{"taxonomy":"post_tag","embeddable":true,"href":"https:\/\/elreporterodelacomunidad.com\/index.php\/wp-json\/wp\/v2\/tags?post=2516"}],"curies":[{"name":"wp","href":"https:\/\/api.w.org\/{rel}","templated":true}]}}