{"id":25147,"date":"2025-11-27T14:21:48","date_gmt":"2025-11-27T21:21:48","guid":{"rendered":"https:\/\/elreporterodelacomunidad.com\/?p=25147"},"modified":"2025-11-27T14:21:54","modified_gmt":"2025-11-27T21:21:54","slug":"realizan-foro-de-la-maestria-en-ingenieria-urbana-dentro-del-xiii-congreso-iberoamericano-de-ingenieria-de-proyectos","status":"publish","type":"post","link":"https:\/\/elreporterodelacomunidad.com\/index.php\/2025\/11\/27\/realizan-foro-de-la-maestria-en-ingenieria-urbana-dentro-del-xiii-congreso-iberoamericano-de-ingenieria-de-proyectos\/","title":{"rendered":"Realizan Foro de la Maestr\u00eda en Ingenier\u00eda Urbana dentro del XIII Congreso Iberoamericano de Ingenier\u00eda de Proyectos"},"content":{"rendered":"\n<p>Este espacio re\u00fane a la comunidad acad\u00e9mica con el prop\u00f3sito de integrar conocimiento y experiencias para promover una mejor calidad de vida en las zonas urbanas.<\/p>\n\n\n\n<p>Hermosillo, Sonora a 27 de noviembre de 2025.- El VI Foro de la Maestr\u00eda en Ingenier\u00eda Urbana de la Universidad de Sonora re\u00fane a estudiantes y acad\u00e9micos de Ingenier\u00eda civil, Arquitectura y valuaci\u00f3n inmobiliaria, en busca de adquirir nuevas experiencias y fortalecer la vinculaci\u00f3n local, nacional e internacional.<\/p>\n\n\n\n<p>Llevado a cabo este jueves 27 de noviembre por el Departamento de Ingenier\u00eda Civil y Minas, el foro se enmarca dentro del XIII Congreso Iberoamericano de Ingenier\u00eda de Proyectos.<\/p>\n\n\n\n<p>Agust\u00edn Brau \u00c1vila, coordinador general de la Facultad Interdisciplinaria de Ingenier\u00eda, destac\u00f3 que estudiantes presentar\u00e1n ponencias con avances significativos de sus trabajos en movilidad urbana y sostenibilidad; adem\u00e1s de conferencias magistrales sobre tem\u00e1ticas interrelacionadas como imaginarios urbanos, gentrificaci\u00f3n, residencia, sostenibilidad e inteligencia artificial.<\/p>\n\n\n\n<p>\u201cEste espacio re\u00fane a nuestra comunidad acad\u00e9mica con el prop\u00f3sito de integrar conocimiento y experiencias para promover una mejor calidad de vida en las zonas urbanas, siempre desde una visi\u00f3n \u00e9tica, incluyente y con un compromiso social y ambiental\u201d, precis\u00f3.<\/p>\n\n\n\n<p>Durante la bienvenida al foro que se lleva a cabo en el Auditorio Gustavo Figueroa, el jefe del Departamento de Ingenier\u00eda Civil y Minas, Israel Miranda Pasos, destac\u00f3 que uno de los objetivos es adquirir nuevas experiencias y elementos de beneficio en el quehacer acad\u00e9mico profesional, como tambi\u00e9n el fortalecimiento de la vinculaci\u00f3n local, nacional e internacional.<\/p>\n\n\n\n<p>Marco Antonio Ramos Corella, coordinador del posgrado Maestr\u00eda en Ingenier\u00eda Urbana, precis\u00f3 que, aunque realizan el sexto foro, tienen m\u00e1s de 10 a\u00f1os organizando eventos en relaci\u00f3n con los colegios de Ingenieros y Valuadores, que son sus dos l\u00edneas terminales.<\/p>\n\n\n\n<p>\u201cCreo que esto nos ayuda mucho y nos enriquece desde diferentes puntos de vista de todos los trabajos que nosotros hacemos, y tambi\u00e9n nos traen nuevas perspectivas y proyectos los invitados especiales y las conferencias magistrales\u201d, comparti\u00f3.<\/p>\n\n\n\n<p>Conferencistas<br>La primera conferencia magistral fue impartida por Eloy M\u00e9ndez Sainz, con \u201cImaginarios de la planificaci\u00f3n, gentrificaci\u00f3n y el arte urbano: una narrativa de la transgresi\u00f3n a la utop\u00eda en las ciudades mexicanas del siglo XXI\u201d.<\/p>\n\n\n\n<p>Durante el resto de la jornada, Mario Guti\u00e9rrez Guti\u00e9rrez ofrecer\u00e1 \u201cAnatom\u00eda del desastre y residencia humana\u201d; Juan Carlos L\u00f3pez Torero impartir\u00e1 \u201cDesaf\u00edo para la sostenibilidad: inventario de parques urbanos para Hermosillo\u201d; y Ronny Gonz\u00e1lez Mora cierra con \u201cInteligencia artificial aplicada a la valuaci\u00f3n y los negocios\u201d.<\/p>\n\n\n\n<p>En la inauguraci\u00f3n, como invitados especiales estuvieron presentes Ra\u00fal Alberto Romo Durazo, secretario t\u00e9cnico del Consejo Directivo del Colegio de Valuadores Profesionales del Estado de Sonora; Enrique Guti\u00e9rrez L\u00f3pez, presidente del Consejo Directivo del Colegio de Maestros en Valuaci\u00f3n Inmobiliaria, Industrial y de Negocios; y Luar German Petterson Rosas, presidente del Colegio de Ingenieros Civiles del Estado de Sonora.<\/p>\n","protected":false},"excerpt":{"rendered":"<p>Este espacio re\u00fane a la comunidad acad\u00e9mica con el prop\u00f3sito de integrar conocimiento y experiencias para promover una mejor calidad de vida en las zonas urbanas. Hermosillo, Sonora a 27 de noviembre de 2025.- El VI Foro de la Maestr\u00eda en Ingenier\u00eda Urbana de la Universidad de Sonora re\u00fane a estudiantes y acad\u00e9micos de Ingenier\u00eda [&hellip;]<\/p>\n","protected":false},"author":2,"featured_media":25148,"comment_status":"open","ping_status":"open","sticky":false,"template":"","format":"standard","meta":{"footnotes":""},"categories":[36],"tags":[],"class_list":["post-25147","post","type-post","status-publish","format-standard","has-post-thumbnail","hentry","category-educacion"],"_links":{"self":[{"href":"https:\/\/elreporterodelacomunidad.com\/index.php\/wp-json\/wp\/v2\/posts\/25147","targetHints":{"allow":["GET"]}}],"collection":[{"href":"https:\/\/elreporterodelacomunidad.com\/index.php\/wp-json\/wp\/v2\/posts"}],"about":[{"href":"https:\/\/elreporterodelacomunidad.com\/index.php\/wp-json\/wp\/v2\/types\/post"}],"author":[{"embeddable":true,"href":"https:\/\/elreporterodelacomunidad.com\/index.php\/wp-json\/wp\/v2\/users\/2"}],"replies":[{"embeddable":true,"href":"https:\/\/elreporterodelacomunidad.com\/index.php\/wp-json\/wp\/v2\/comments?post=25147"}],"version-history":[{"count":1,"href":"https:\/\/elreporterodelacomunidad.com\/index.php\/wp-json\/wp\/v2\/posts\/25147\/revisions"}],"predecessor-version":[{"id":25149,"href":"https:\/\/elreporterodelacomunidad.com\/index.php\/wp-json\/wp\/v2\/posts\/25147\/revisions\/25149"}],"wp:featuredmedia":[{"embeddable":true,"href":"https:\/\/elreporterodelacomunidad.com\/index.php\/wp-json\/wp\/v2\/media\/25148"}],"wp:attachment":[{"href":"https:\/\/elreporterodelacomunidad.com\/index.php\/wp-json\/wp\/v2\/media?parent=25147"}],"wp:term":[{"taxonomy":"category","embeddable":true,"href":"https:\/\/elreporterodelacomunidad.com\/index.php\/wp-json\/wp\/v2\/categories?post=25147"},{"taxonomy":"post_tag","embeddable":true,"href":"https:\/\/elreporterodelacomunidad.com\/index.php\/wp-json\/wp\/v2\/tags?post=25147"}],"curies":[{"name":"wp","href":"https:\/\/api.w.org\/{rel}","templated":true}]}}