{"id":25104,"date":"2025-11-25T15:13:12","date_gmt":"2025-11-25T22:13:12","guid":{"rendered":"https:\/\/elreporterodelacomunidad.com\/?p=25104"},"modified":"2025-11-25T15:13:26","modified_gmt":"2025-11-25T22:13:26","slug":"regresa-a-la-unison-el-congreso-iberoamericano-de-ingenieria-de-proyectos","status":"publish","type":"post","link":"https:\/\/elreporterodelacomunidad.com\/index.php\/2025\/11\/25\/regresa-a-la-unison-el-congreso-iberoamericano-de-ingenieria-de-proyectos\/","title":{"rendered":"Regresa a la UNISON el Congreso Iberoamericano de Ingenier\u00eda de Proyectos"},"content":{"rendered":"\n<p>Hermosillo, Sonora a 25 de noviembre de 2025.- La Universidad de Sonora y la Red Iberoamericana de Ingenier\u00eda de Proyectos (RIIPRO) llevan a cabo, del 25 al 27 de noviembre, el XIII Congreso Iberoamericano de Ingenier\u00eda de Proyectos, el cual fue inaugurado hoy por la rectora Dena Mar\u00eda Camarena G\u00f3mez.<\/p>\n\n\n\n<p>La ingenier\u00eda de proyectos est\u00e1 centrada en la planificaci\u00f3n, coordinaci\u00f3n y ejecuci\u00f3n de proyectos t\u00e9cnicos, que abarca desde la concepci\u00f3n hasta la finalizaci\u00f3n, utilizando conocimientos de diversas ramas de la ingenier\u00eda.<\/p>\n\n\n\n<p>La RIIPRO promueve su avance mediante la investigaci\u00f3n, el desarrollo experimental y la aplicaci\u00f3n de t\u00e9cnicas de gesti\u00f3n, fomentando la cooperaci\u00f3n entre universidades, empresas y gobiernos en el \u00e1mbito iberoamericano.<\/p>\n\n\n\n<p>En su mensaje, la rectora asegur\u00f3 que es imperativo que la gesti\u00f3n de proyectos mantenga una visi\u00f3n social para garantizar que beneficie a toda la ciudadan\u00eda y que incluya la innovaci\u00f3n sostenible.<\/p>\n\n\n\n<p>Trabajar en esto, consider\u00f3, logra la edificaci\u00f3n de proyectos saludables para el planeta y, por extensi\u00f3n, para cada habitante. Sea quien sea y est\u00e9 donde est\u00e9.<\/p>\n\n\n\n<p>\u201cComo universidad p\u00fablica tenemos la obligaci\u00f3n de contribuir al desarrollo de la sociedad y su transformaci\u00f3n en una comunidad m\u00e1s justa, libre, incluyente e igualitaria. Y no estoy hablando solo de la sociedad sonorense y mexicana, sino tambi\u00e9n de las regiones aqu\u00ed representadas por los asistentes de otros pa\u00edses.<\/p>\n\n\n\n<p>\u201cPara lograr ese desarrollo, debemos mantener una estrecha relaci\u00f3n con la ingenier\u00eda, pues est\u00e1 comprobado que esta disciplina est\u00e1 muy ligada al desarrollo y al crecimiento econ\u00f3mico y productivo de los pa\u00edses; en especial, con la ingenier\u00eda de proyectos, pues impacta en todas las disciplinas del conocimiento\u201d, se\u00f1al\u00f3.<\/p>\n\n\n\n<p>Camarena G\u00f3mez inici\u00f3 su participaci\u00f3n reconociendo el trabajo de las ingenieras, esto en el marco del D\u00eda Internacional de la Eliminaci\u00f3n de la Violencia contra la Mujer, por lo que dijo era buen momento para reflexionar sobre ello.<\/p>\n\n\n\n<p>Regres\u00f3 al lugar que lo vio nacer<br>En el a\u00f1o 2009 el Congreso Iberoamericano de Ingenier\u00eda de Proyectos naci\u00f3 en la m\u00e1xima casa de estudios de Sonora; 16 a\u00f1os despu\u00e9s lo recibe de nuevo para ofrecer, durante los siguientes tres d\u00edas, 49 ponencias, con la participaci\u00f3n de especialistas de Chile, Colombia, Argentina y otros pa\u00edses iberoamericanos.<\/p>\n\n\n\n<p>Bajo el lema Innovaci\u00f3n y Sostenibilidad: Construyendo el futuro de la ingenier\u00eda de proyectos, el congreso contempla las \u00e1reas de conocimiento de Gesti\u00f3n de Proyectos, Ingenier\u00eda de Proyectos, Gesti\u00f3n Estrat\u00e9gica, Building Information Modeling (BIM, Modelado de la Informaci\u00f3n de la Construcci\u00f3n), Inteligencia Artificial aplicada a proyectos y Desarrollo Sostenible.<\/p>\n\n\n\n<p>Agust\u00edn Brau \u00c1vila, coordinador general de la Facultad Interdisciplinaria de Ingenier\u00eda, invit\u00f3 a los asistentes al encuentro a verlo como fuente de inspiraci\u00f3n, reflexi\u00f3n y compromiso para todos.<\/p>\n\n\n\n<p>\u201cTiene el prop\u00f3sito fundamental de impulsar la ingenier\u00eda de proyectos en nuestra regi\u00f3n, promoviendo la investigaci\u00f3n cient\u00edfica, los desarrollos experimentales y la aplicaci\u00f3n de buenas pr\u00e1cticas para enfrentar los retos actuales y el futuro del sector\u201d, destac\u00f3.<\/p>\n\n\n\n<p>Durante la inauguraci\u00f3n, este 25 de noviembre, en el auditorio Ing. Gustavo Figueroa, estuvieron presentes Luis Alvarado Acu\u00f1a, en representaci\u00f3n de la RIIPRO; Luar Germ\u00e1n Petterson Rosas, presidente del Colegio de Ingenieros Civiles en Sonora; e Israel Miranda Pasos, jefe del Departamento de Ingenier\u00eda Civil y Minas de la Unison, anfitri\u00f3n de este evento.<\/p>\n","protected":false},"excerpt":{"rendered":"<p>Hermosillo, Sonora a 25 de noviembre de 2025.- La Universidad de Sonora y la Red Iberoamericana de Ingenier\u00eda de Proyectos (RIIPRO) llevan a cabo, del 25 al 27 de noviembre, el XIII Congreso Iberoamericano de Ingenier\u00eda de Proyectos, el cual fue inaugurado hoy por la rectora Dena Mar\u00eda Camarena G\u00f3mez. La ingenier\u00eda de proyectos est\u00e1 [&hellip;]<\/p>\n","protected":false},"author":2,"featured_media":25105,"comment_status":"open","ping_status":"open","sticky":false,"template":"","format":"standard","meta":{"footnotes":""},"categories":[36],"tags":[],"class_list":["post-25104","post","type-post","status-publish","format-standard","has-post-thumbnail","hentry","category-educacion"],"_links":{"self":[{"href":"https:\/\/elreporterodelacomunidad.com\/index.php\/wp-json\/wp\/v2\/posts\/25104","targetHints":{"allow":["GET"]}}],"collection":[{"href":"https:\/\/elreporterodelacomunidad.com\/index.php\/wp-json\/wp\/v2\/posts"}],"about":[{"href":"https:\/\/elreporterodelacomunidad.com\/index.php\/wp-json\/wp\/v2\/types\/post"}],"author":[{"embeddable":true,"href":"https:\/\/elreporterodelacomunidad.com\/index.php\/wp-json\/wp\/v2\/users\/2"}],"replies":[{"embeddable":true,"href":"https:\/\/elreporterodelacomunidad.com\/index.php\/wp-json\/wp\/v2\/comments?post=25104"}],"version-history":[{"count":1,"href":"https:\/\/elreporterodelacomunidad.com\/index.php\/wp-json\/wp\/v2\/posts\/25104\/revisions"}],"predecessor-version":[{"id":25106,"href":"https:\/\/elreporterodelacomunidad.com\/index.php\/wp-json\/wp\/v2\/posts\/25104\/revisions\/25106"}],"wp:featuredmedia":[{"embeddable":true,"href":"https:\/\/elreporterodelacomunidad.com\/index.php\/wp-json\/wp\/v2\/media\/25105"}],"wp:attachment":[{"href":"https:\/\/elreporterodelacomunidad.com\/index.php\/wp-json\/wp\/v2\/media?parent=25104"}],"wp:term":[{"taxonomy":"category","embeddable":true,"href":"https:\/\/elreporterodelacomunidad.com\/index.php\/wp-json\/wp\/v2\/categories?post=25104"},{"taxonomy":"post_tag","embeddable":true,"href":"https:\/\/elreporterodelacomunidad.com\/index.php\/wp-json\/wp\/v2\/tags?post=25104"}],"curies":[{"name":"wp","href":"https:\/\/api.w.org\/{rel}","templated":true}]}}