{"id":25033,"date":"2025-11-23T11:52:37","date_gmt":"2025-11-23T18:52:37","guid":{"rendered":"https:\/\/elreporterodelacomunidad.com\/?p=25033"},"modified":"2025-11-23T11:52:42","modified_gmt":"2025-11-23T18:52:42","slug":"promueve-cobach-iniciativas-que-elevan-la-creatividad-de-los-jovenes-mediante-nuevas-oportunidades","status":"publish","type":"post","link":"https:\/\/elreporterodelacomunidad.com\/index.php\/2025\/11\/23\/promueve-cobach-iniciativas-que-elevan-la-creatividad-de-los-jovenes-mediante-nuevas-oportunidades\/","title":{"rendered":"Promueve Cobach iniciativas que elevan la creatividad de los j\u00f3venes mediante nuevas oportunidades"},"content":{"rendered":"\n<p>Realiza con \u00e9xito la Expo Comunica 2025.<\/p>\n\n\n\n<p>Hermosillo, Sonora a 23 de noviembre de 2025.- Como parte de la preparaci\u00f3n de las y los estudiantes del Colegio de Bachilleres del Estado de Sonora (Cobach) para su formaci\u00f3n integral y desarrollo en el \u00e1rea de comunicaci\u00f3n, se realiz\u00f3 la Expo Comunica 2025, donde pudieron interactuar con personalidades de los medios.<\/p>\n\n\n\n<p>Alumnas y alumnos del plantel Hermosillo cinco conocieron la experiencia de vivir de cerca el mundo de la comunicaci\u00f3n, la radio, el periodismo, la fotograf\u00eda y los medios digitales, al participar en conferencias y talleres que les permitieron conocer historias reales, retos profesionales y herramientas \u00fatiles para su propio desarrollo.<\/p>\n\n\n\n<p>Durante el evento, encabezado por el titular de la Secretar\u00eda de Educaci\u00f3n y Cultura (SEC), Froyl\u00e1n G\u00e1mez Gamboa, destac\u00f3 que con este tipo de actividades se promueve el talento de los j\u00f3venes, al mismo tiempo que se les permite escuchar a expertos que hacen posible la labor comunicativa para mantener informada a la sociedad.<\/p>\n\n\n\n<p>Acompa\u00f1ados por la jefa de la Oficina del Ejecutivo del Gobierno de Sonora, Paulina Oca\u00f1a Encinas; el director de Radio Sonora, Tirso Amante Jerez; y el director general del Cobach, Rodrigo Arturo Rosas Burgos, entre otros invitados, las y los estudiantes aprovecharon cada minuto de las conferencias y talleres.<\/p>\n\n\n\n<p>Las y los j\u00f3venes asistentes tambi\u00e9n tuvieron la oportunidad de interactuar, preguntar, observar, practicar y descubrir \u00e1reas de inter\u00e9s que pueden influir en su vocaci\u00f3n futura. La expo cont\u00f3 con una muestra de productos elaborados por estudiantes de FLB Comunicaci\u00f3n, demostrando creatividad, disciplina y trabajo en equipo.<\/p>\n\n\n\n<p>Las habilidades comunicativas no s\u00f3lo son un accesorio, sino una herramienta de libertad, y es lo que las nuevas generaciones tienen a trav\u00e9s de estos mecanismos: la libertad de expresar aquello que les haga sentido. Cuando aprendemos a comunicar con libertad, \u00e9tica y sensibilidad, somos capaces de abrir caminos, tender puentes, resolver conflictos y crear oportunidades.<\/p>\n\n\n\n<p class=\"has-text-align-center\"><img loading=\"lazy\" decoding=\"async\" width=\"500\" height=\"334\" class=\"wp-image-25035\" style=\"width: 500px;\" src=\"https:\/\/elreporterodelacomunidad.com\/wp-content\/uploads\/2025\/11\/70c2231e-5165-45e8-bd7e-03baf1251fde.jpg\" alt=\"\" srcset=\"https:\/\/elreporterodelacomunidad.com\/wp-content\/uploads\/2025\/11\/70c2231e-5165-45e8-bd7e-03baf1251fde.jpg 853w, https:\/\/elreporterodelacomunidad.com\/wp-content\/uploads\/2025\/11\/70c2231e-5165-45e8-bd7e-03baf1251fde-300x200.jpg 300w, https:\/\/elreporterodelacomunidad.com\/wp-content\/uploads\/2025\/11\/70c2231e-5165-45e8-bd7e-03baf1251fde-768x512.jpg 768w, https:\/\/elreporterodelacomunidad.com\/wp-content\/uploads\/2025\/11\/70c2231e-5165-45e8-bd7e-03baf1251fde-750x500.jpg 750w\" sizes=\"auto, (max-width: 500px) 100vw, 500px\" \/><\/p>\n","protected":false},"excerpt":{"rendered":"<p>Realiza con \u00e9xito la Expo Comunica 2025. Hermosillo, Sonora a 23 de noviembre de 2025.- Como parte de la preparaci\u00f3n de las y los estudiantes del Colegio de Bachilleres del Estado de Sonora (Cobach) para su formaci\u00f3n integral y desarrollo en el \u00e1rea de comunicaci\u00f3n, se realiz\u00f3 la Expo Comunica 2025, donde pudieron interactuar con [&hellip;]<\/p>\n","protected":false},"author":2,"featured_media":25034,"comment_status":"open","ping_status":"open","sticky":false,"template":"","format":"standard","meta":{"footnotes":""},"categories":[36],"tags":[],"class_list":["post-25033","post","type-post","status-publish","format-standard","has-post-thumbnail","hentry","category-educacion"],"_links":{"self":[{"href":"https:\/\/elreporterodelacomunidad.com\/index.php\/wp-json\/wp\/v2\/posts\/25033","targetHints":{"allow":["GET"]}}],"collection":[{"href":"https:\/\/elreporterodelacomunidad.com\/index.php\/wp-json\/wp\/v2\/posts"}],"about":[{"href":"https:\/\/elreporterodelacomunidad.com\/index.php\/wp-json\/wp\/v2\/types\/post"}],"author":[{"embeddable":true,"href":"https:\/\/elreporterodelacomunidad.com\/index.php\/wp-json\/wp\/v2\/users\/2"}],"replies":[{"embeddable":true,"href":"https:\/\/elreporterodelacomunidad.com\/index.php\/wp-json\/wp\/v2\/comments?post=25033"}],"version-history":[{"count":1,"href":"https:\/\/elreporterodelacomunidad.com\/index.php\/wp-json\/wp\/v2\/posts\/25033\/revisions"}],"predecessor-version":[{"id":25036,"href":"https:\/\/elreporterodelacomunidad.com\/index.php\/wp-json\/wp\/v2\/posts\/25033\/revisions\/25036"}],"wp:featuredmedia":[{"embeddable":true,"href":"https:\/\/elreporterodelacomunidad.com\/index.php\/wp-json\/wp\/v2\/media\/25034"}],"wp:attachment":[{"href":"https:\/\/elreporterodelacomunidad.com\/index.php\/wp-json\/wp\/v2\/media?parent=25033"}],"wp:term":[{"taxonomy":"category","embeddable":true,"href":"https:\/\/elreporterodelacomunidad.com\/index.php\/wp-json\/wp\/v2\/categories?post=25033"},{"taxonomy":"post_tag","embeddable":true,"href":"https:\/\/elreporterodelacomunidad.com\/index.php\/wp-json\/wp\/v2\/tags?post=25033"}],"curies":[{"name":"wp","href":"https:\/\/api.w.org\/{rel}","templated":true}]}}