{"id":25014,"date":"2025-11-20T20:19:20","date_gmt":"2025-11-21T03:19:20","guid":{"rendered":"https:\/\/elreporterodelacomunidad.com\/?p=25014"},"modified":"2025-11-20T20:19:23","modified_gmt":"2025-11-21T03:19:23","slug":"realiza-creson-quinto-foro-estatal-de-formacion-docente","status":"publish","type":"post","link":"https:\/\/elreporterodelacomunidad.com\/index.php\/2025\/11\/20\/realiza-creson-quinto-foro-estatal-de-formacion-docente\/","title":{"rendered":"Realiza Creson quinto Foro Estatal de Formaci\u00f3n Docente"},"content":{"rendered":"\n<p>Hermosillo, Sonora a 20 de noviembre de 2025.\u2013 Con un intercambio de experiencias exitosas en proyectos acad\u00e9micos y comunitarios, se llev\u00f3 a cabo el quinto Foro Estatal de Formaci\u00f3n Docente, en el que particip\u00f3 profesorado y personal directivo de Escuelas Normales y de las unidades de la Universidad Pedag\u00f3gica Nacional ubicadas en Sonora.<\/p>\n\n\n\n<p>El evento fue organizado por el Centro Regional de Formaci\u00f3n Profesional Docente de Sonora (Creson), con el objetivo de fortalecer a las y los docentes de las 17 unidades acad\u00e9micas, mediante el an\u00e1lisis de temas y el di\u00e1logo entre pares.<\/p>\n\n\n\n<p>Luis Ernesto Flores Fontes, rector del Creson, destac\u00f3 que en el foro participaron estudiantes y docentes de diversas unidades, quienes compartieron sus experiencias en proyectos integradores y de vinculaci\u00f3n con la comunidad.<\/p>\n\n\n\n<p>Entre estos proyectos se presentaron: el huerto escolar de la Benem\u00e9rita y Centenaria Escuela Normal del Estado de Sonora \u201cProf. Jes\u00fas Manuel Bustamante Mungarro\u201d; el Centro de Atenci\u00f3n Comunitaria de la Escuela Normal Estatal de Especializaci\u00f3n, y el Club de Tareas Ardillitas de la UPN Navojoa.<\/p>\n\n\n\n<p>Asimismo, participaron la Escuela Normal Superior, plantel Obreg\u00f3n, con el proyecto \u201cENSO vive cultura de la paz\u201d, y la Escuela Normal Superior, plantel Hermosillo, con la Gaceta Normalista, el Club de Dominio Acad\u00e9mico y el programa Escuela Abierta.<\/p>\n\n\n\n<p>Adem\u00e1s, se ofrecieron dos conferencias magistrales: \u201cProyectos integradores\u201d, impartida por Eduardo Mercado Cruz, profesor e investigador de la Escuela Normal de Texcoco; y \u201cCultura de la paz desde y para las escuelas\u201d, a cargo de Jorge C\u00e1zares Torres, de la Direcci\u00f3n General de Educaci\u00f3n Superior para el Magisterio (Dgesum).<\/p>\n","protected":false},"excerpt":{"rendered":"<p>Hermosillo, Sonora a 20 de noviembre de 2025.\u2013 Con un intercambio de experiencias exitosas en proyectos acad\u00e9micos y comunitarios, se llev\u00f3 a cabo el quinto Foro Estatal de Formaci\u00f3n Docente, en el que particip\u00f3 profesorado y personal directivo de Escuelas Normales y de las unidades de la Universidad Pedag\u00f3gica Nacional ubicadas en Sonora. El evento [&hellip;]<\/p>\n","protected":false},"author":2,"featured_media":25015,"comment_status":"open","ping_status":"open","sticky":false,"template":"","format":"standard","meta":{"footnotes":""},"categories":[36],"tags":[],"class_list":["post-25014","post","type-post","status-publish","format-standard","has-post-thumbnail","hentry","category-educacion"],"_links":{"self":[{"href":"https:\/\/elreporterodelacomunidad.com\/index.php\/wp-json\/wp\/v2\/posts\/25014","targetHints":{"allow":["GET"]}}],"collection":[{"href":"https:\/\/elreporterodelacomunidad.com\/index.php\/wp-json\/wp\/v2\/posts"}],"about":[{"href":"https:\/\/elreporterodelacomunidad.com\/index.php\/wp-json\/wp\/v2\/types\/post"}],"author":[{"embeddable":true,"href":"https:\/\/elreporterodelacomunidad.com\/index.php\/wp-json\/wp\/v2\/users\/2"}],"replies":[{"embeddable":true,"href":"https:\/\/elreporterodelacomunidad.com\/index.php\/wp-json\/wp\/v2\/comments?post=25014"}],"version-history":[{"count":1,"href":"https:\/\/elreporterodelacomunidad.com\/index.php\/wp-json\/wp\/v2\/posts\/25014\/revisions"}],"predecessor-version":[{"id":25016,"href":"https:\/\/elreporterodelacomunidad.com\/index.php\/wp-json\/wp\/v2\/posts\/25014\/revisions\/25016"}],"wp:featuredmedia":[{"embeddable":true,"href":"https:\/\/elreporterodelacomunidad.com\/index.php\/wp-json\/wp\/v2\/media\/25015"}],"wp:attachment":[{"href":"https:\/\/elreporterodelacomunidad.com\/index.php\/wp-json\/wp\/v2\/media?parent=25014"}],"wp:term":[{"taxonomy":"category","embeddable":true,"href":"https:\/\/elreporterodelacomunidad.com\/index.php\/wp-json\/wp\/v2\/categories?post=25014"},{"taxonomy":"post_tag","embeddable":true,"href":"https:\/\/elreporterodelacomunidad.com\/index.php\/wp-json\/wp\/v2\/tags?post=25014"}],"curies":[{"name":"wp","href":"https:\/\/api.w.org\/{rel}","templated":true}]}}