{"id":24987,"date":"2025-11-20T18:59:02","date_gmt":"2025-11-21T01:59:02","guid":{"rendered":"https:\/\/elreporterodelacomunidad.com\/?p=24987"},"modified":"2025-11-20T18:59:06","modified_gmt":"2025-11-21T01:59:06","slug":"la-diputada-gabriela-tapia-fonllem-fija-postura-sobre-el-presupuesto-universitario-2026-y-respalda-a-la-universidad-de-sonora","status":"publish","type":"post","link":"https:\/\/elreporterodelacomunidad.com\/index.php\/2025\/11\/20\/la-diputada-gabriela-tapia-fonllem-fija-postura-sobre-el-presupuesto-universitario-2026-y-respalda-a-la-universidad-de-sonora\/","title":{"rendered":"La Diputada Gabriela Tapia Fonllem fija postura sobre el Presupuesto Universitario 2026 y respalda a la Universidad de Sonora"},"content":{"rendered":"\n<p>Hermosillo, Sonora a 20 de noviembre de 2025.\u2014La diputada Gabriela Tapia Fonllem, representante parlamentaria del PRD Sonora, emiti\u00f3 un posicionamiento firme y fundamentado respecto al presupuesto proyectado para la Universidad de Sonora (Unison) en 2026, destacando la importancia de considerar la educaci\u00f3n como una inversi\u00f3n estrat\u00e9gica para el desarrollo de la entidad.<\/p>\n\n\n\n<p>Durante la sesi\u00f3n de hoy, la legisladora record\u00f3 que la aprobaci\u00f3n de la Ley de Ingresos y del Presupuesto de Egresos es una facultad exclusiva del Poder Legislativo, en la cual deben atenderse temas prioritarios como salud, deuda p\u00fablica, desarrollo econ\u00f3mico, campo y, especialmente, educaci\u00f3n.<\/p>\n\n\n\n<p>Tapia Fonllem subray\u00f3 que los recursos destinados a la formaci\u00f3n acad\u00e9mica no pueden ser concebidos como gasto, sino como la inversi\u00f3n m\u00e1s poderosa para garantizar crecimiento econ\u00f3mico, productividad, innovaci\u00f3n y bienestar social. En este sentido, cit\u00f3 ejemplos internacionales como la reconstrucci\u00f3n econ\u00f3mica de Jap\u00f3n y Alemania, naciones que priorizaron la educaci\u00f3n, la ciencia y la tecnolog\u00eda para consolidar su desarrollo.<\/p>\n\n\n\n<p>La diputada expuso que, para 2025, la Universidad de Sonora opera con un presupuesto total de 3,054 millones de pesos, monto que ha resultado insuficiente ante la inflaci\u00f3n y el crecimiento de su matr\u00edcula, que hoy supera los 49 mil estudiantes en licenciatura, posgrado, idiomas y talleres art\u00edsticos. Adem\u00e1s, la instituci\u00f3n cuenta con m\u00e1s de 2,500 docentes y alrededor de 4,500 trabajadores administrativos y manuales.<\/p>\n\n\n\n<p>Para 2026, la Universidad solicit\u00f3 un subsidio ordinario estatal por 1,685 millones de pesos, recursos destinados principalmente a cubrir los compromisos laborales derivados de la negociaci\u00f3n contractual y salarial de 2025.<\/p>\n\n\n\n<p>Sin embargo, la propuesta presentada por la Secretar\u00eda de Hacienda al Congreso s\u00f3lo contempla 1,650 millones de pesos, un aumento de apenas 2.72% respecto al a\u00f1o anterior y 35.4 millones de pesos menos de lo requerido para cumplir con las obligaciones institucionales.<\/p>\n\n\n\n<p>Ante esta situaci\u00f3n, Tapia Fonllem respald\u00f3 la solicitud de la Unison para que se reasignen los 35.4 millones de pesos faltantes en el dictamen del Presupuesto de Egresos 2026, al se\u00f1alar que esta cantidad es indispensable para garantizar estabilidad laboral y evitar posibles conflictos contractuales con los sindicatos universitarios STAUS y STEUS durante las revisiones previstas para febrero y marzo del pr\u00f3ximo a\u00f1o.<\/p>\n\n\n\n<p>Asimismo, la legisladora expres\u00f3 su solidaridad con las demandas del Sindicato de Trabajadores Acad\u00e9micos de la Universidad de Sonora (STAUS), que exige soluci\u00f3n a los descuentos indebidos del ISR, respeto a la revisi\u00f3n salarial 2025 y atenci\u00f3n a las condiciones de seguridad e higiene en los campus universitarios. Extendi\u00f3 tambi\u00e9n su apoyo a los trabajadores del STEUS.<\/p>\n\n\n\n<p>Finalmente, la diputada Gabriela Tapia Fonllem reiter\u00f3 su preocupaci\u00f3n por el estancamiento presupuestal que enfrentan las universidades p\u00fablicas del pa\u00eds y exhort\u00f3 a sus compa\u00f1eras y compa\u00f1eros legisladores a respaldar a la Universidad de Sonora con una asignaci\u00f3n presupuestal justa.<\/p>\n\n\n\n<p>\u201cApoyar a la Universidad de Sonora es apoyar a nuestras y nuestros j\u00f3venes, a la investigaci\u00f3n, al desarrollo y al futuro de Sonora. La educaci\u00f3n no es un gasto: es la base del progreso de nuestro estado,\u201d destac\u00f3.<\/p>\n","protected":false},"excerpt":{"rendered":"<p>Hermosillo, Sonora a 20 de noviembre de 2025.\u2014La diputada Gabriela Tapia Fonllem, representante parlamentaria del PRD Sonora, emiti\u00f3 un posicionamiento firme y fundamentado respecto al presupuesto proyectado para la Universidad de Sonora (Unison) en 2026, destacando la importancia de considerar la educaci\u00f3n como una inversi\u00f3n estrat\u00e9gica para el desarrollo de la entidad. Durante la sesi\u00f3n [&hellip;]<\/p>\n","protected":false},"author":2,"featured_media":24989,"comment_status":"open","ping_status":"open","sticky":false,"template":"","format":"standard","meta":{"footnotes":""},"categories":[36],"tags":[],"class_list":["post-24987","post","type-post","status-publish","format-standard","has-post-thumbnail","hentry","category-educacion"],"_links":{"self":[{"href":"https:\/\/elreporterodelacomunidad.com\/index.php\/wp-json\/wp\/v2\/posts\/24987","targetHints":{"allow":["GET"]}}],"collection":[{"href":"https:\/\/elreporterodelacomunidad.com\/index.php\/wp-json\/wp\/v2\/posts"}],"about":[{"href":"https:\/\/elreporterodelacomunidad.com\/index.php\/wp-json\/wp\/v2\/types\/post"}],"author":[{"embeddable":true,"href":"https:\/\/elreporterodelacomunidad.com\/index.php\/wp-json\/wp\/v2\/users\/2"}],"replies":[{"embeddable":true,"href":"https:\/\/elreporterodelacomunidad.com\/index.php\/wp-json\/wp\/v2\/comments?post=24987"}],"version-history":[{"count":1,"href":"https:\/\/elreporterodelacomunidad.com\/index.php\/wp-json\/wp\/v2\/posts\/24987\/revisions"}],"predecessor-version":[{"id":24990,"href":"https:\/\/elreporterodelacomunidad.com\/index.php\/wp-json\/wp\/v2\/posts\/24987\/revisions\/24990"}],"wp:featuredmedia":[{"embeddable":true,"href":"https:\/\/elreporterodelacomunidad.com\/index.php\/wp-json\/wp\/v2\/media\/24989"}],"wp:attachment":[{"href":"https:\/\/elreporterodelacomunidad.com\/index.php\/wp-json\/wp\/v2\/media?parent=24987"}],"wp:term":[{"taxonomy":"category","embeddable":true,"href":"https:\/\/elreporterodelacomunidad.com\/index.php\/wp-json\/wp\/v2\/categories?post=24987"},{"taxonomy":"post_tag","embeddable":true,"href":"https:\/\/elreporterodelacomunidad.com\/index.php\/wp-json\/wp\/v2\/tags?post=24987"}],"curies":[{"name":"wp","href":"https:\/\/api.w.org\/{rel}","templated":true}]}}