{"id":2483,"date":"2024-02-19T00:00:00","date_gmt":"2024-02-19T07:00:00","guid":{"rendered":"https:\/\/elreporterodelacomunidad.com\/index.php\/2024\/02\/19\/se-registra-manlio-fabio-beltrones-ante-el-ine-como-candidato-al-senado-por-sonora\/"},"modified":"2024-02-19T00:00:00","modified_gmt":"2024-02-19T07:00:00","slug":"se-registra-manlio-fabio-beltrones-ante-el-ine-como-candidato-al-senado-por-sonora","status":"publish","type":"post","link":"https:\/\/elreporterodelacomunidad.com\/index.php\/2024\/02\/19\/se-registra-manlio-fabio-beltrones-ante-el-ine-como-candidato-al-senado-por-sonora\/","title":{"rendered":"Se registra Manlio Fabio Beltrones ante el INE como candidato al Senado por Sonora"},"content":{"rendered":"<p class=\"MsoNormal\">Tras concluir el periodo establecido para ser precandidato, Manlio Fabio Beltrones Rivera hizo lo conducente ante el Instituto Nacional Electoral (INE) para hacer vigente su intenci\u00f3n de competir por un sitio en el Senado de la Rep\u00fablica en representaci\u00f3n de Sonora.<\/p>\n<p class=\"MsoNormal\">Durante el lunes por la ma\u00f1ana, el ex gobernador del estado acudi\u00f3 junto a quien ser\u00eda su suplente, Erik Iv\u00e1n Jaimes Archundia a cumplir con ese procedimiento ante los representantes de la Junta Local, donde fue atendido por la vocal ejecutiva, Ver\u00f3nica Sandoval Casta\u00f1eda.<\/p>\n<p class=\"MsoNormal\">A trav\u00e9s de sus redes sociales, el aspirante dio a conocer el hecho, donde se dijo listo para la contienda que iniciar\u00e1 a partir del 01 de marzo, seg\u00fan lo marca el calendario electoral<\/p>\n<p class=\"MsoNormal\">&#8220;Listo! Hace unos momentos hice mi solicitud de registro como aspirante a Senador de la Rep\u00fablica ante el Consejo Electoral del INE en #Sonora&#8221;, tuite\u00f3 el pol\u00edtico sonorense.<\/p>\n<p class=\"MsoNormal\">Desde el a\u00f1o pasado se ventilaron las intenciones del ex dirigente nacional del Partido Revolucionario (PRI) por contender por un esca\u00f1o en la c\u00e1mara alta, incluso ha se\u00f1alado que elaborar\u00e1 una campa\u00f1a para promocionarse ante el pueblo cuando las autoridades lo permitan.<\/p>\n<p class=\"MsoNormal\">A temprana hora, subi\u00f3 un video en su cuenta de X (antes Twitter) en el que anunciaba que se dirig\u00eda hacia la sede de la autoridad electoral para efectuar su registro, tal y como lo hizo alrededor de las 11 de la ma\u00f1ana.<\/p>\n<p class=\"MsoNormal\">&#8220;En el natalicio de mi General \u00c1lvaro Obreg\u00f3n, les saludo y les comparto que voy camino a mi registro como aspirante al Senado, en el INE local. Buenos d\u00edas!!&#8221;, poste\u00f3 en ese momento.<\/p>\n<p class=\"MsoNormal\">Beltrones Rivera es el primero en la f\u00f3rmula que conforma con Lilly T\u00e9llez a partir de la coalici\u00f3n que tienen el PRI, PAN y PRD, sin embargo ambos aspirantes figuran en la lista de plurinominales por el PRI y el PAN a nivel nacional, a pesar de que los dos han asegurado que realizar\u00e1n una campa\u00f1a por tierra, a\u00fan y cuando tienen un sitio asegurado en el Senado de la Rep\u00fablica.<\/p>\n","protected":false},"excerpt":{"rendered":"<p>A trav\u00e9s de redes sociales, el aspirante dio a conocer el hecho, donde se dijo listo para la contienda que iniciar\u00e1 a partir del 01 de marzo.<\/p>\n","protected":false},"author":1,"featured_media":2484,"comment_status":"open","ping_status":"open","sticky":false,"template":"","format":"standard","meta":{"footnotes":""},"categories":[39],"tags":[],"class_list":["post-2483","post","type-post","status-publish","format-standard","has-post-thumbnail","hentry","category-politica"],"_links":{"self":[{"href":"https:\/\/elreporterodelacomunidad.com\/index.php\/wp-json\/wp\/v2\/posts\/2483","targetHints":{"allow":["GET"]}}],"collection":[{"href":"https:\/\/elreporterodelacomunidad.com\/index.php\/wp-json\/wp\/v2\/posts"}],"about":[{"href":"https:\/\/elreporterodelacomunidad.com\/index.php\/wp-json\/wp\/v2\/types\/post"}],"author":[{"embeddable":true,"href":"https:\/\/elreporterodelacomunidad.com\/index.php\/wp-json\/wp\/v2\/users\/1"}],"replies":[{"embeddable":true,"href":"https:\/\/elreporterodelacomunidad.com\/index.php\/wp-json\/wp\/v2\/comments?post=2483"}],"version-history":[{"count":0,"href":"https:\/\/elreporterodelacomunidad.com\/index.php\/wp-json\/wp\/v2\/posts\/2483\/revisions"}],"wp:featuredmedia":[{"embeddable":true,"href":"https:\/\/elreporterodelacomunidad.com\/index.php\/wp-json\/wp\/v2\/media\/2484"}],"wp:attachment":[{"href":"https:\/\/elreporterodelacomunidad.com\/index.php\/wp-json\/wp\/v2\/media?parent=2483"}],"wp:term":[{"taxonomy":"category","embeddable":true,"href":"https:\/\/elreporterodelacomunidad.com\/index.php\/wp-json\/wp\/v2\/categories?post=2483"},{"taxonomy":"post_tag","embeddable":true,"href":"https:\/\/elreporterodelacomunidad.com\/index.php\/wp-json\/wp\/v2\/tags?post=2483"}],"curies":[{"name":"wp","href":"https:\/\/api.w.org\/{rel}","templated":true}]}}