{"id":2480,"date":"2024-02-19T00:00:00","date_gmt":"2024-02-19T07:00:00","guid":{"rendered":"https:\/\/elreporterodelacomunidad.com\/index.php\/2024\/02\/19\/congreso-de-sonora-dictamina-contratacion-de-instrumentos-para-fortalecer-finanzas-estatales-sanas\/"},"modified":"2024-02-19T00:00:00","modified_gmt":"2024-02-19T07:00:00","slug":"congreso-de-sonora-dictamina-contratacion-de-instrumentos-para-fortalecer-finanzas-estatales-sanas","status":"publish","type":"post","link":"https:\/\/elreporterodelacomunidad.com\/index.php\/2024\/02\/19\/congreso-de-sonora-dictamina-contratacion-de-instrumentos-para-fortalecer-finanzas-estatales-sanas\/","title":{"rendered":"Congreso de Sonora dictamina contrataci\u00f3n de instrumentos para fortalecer finanzas estatales sanas"},"content":{"rendered":"<p class=\"MsoNormal\">El proyecto de dictamen que autoriza al titular del Poder Ejecutivo, a trav\u00e9s de la Secretar\u00eda de Hacienda, a contratar instrumentos con el fin de mitigar el riesgo crediticio asociado a las tasas de inter\u00e9s de la deuda p\u00fablica actualmente contratada, fue aprobado por la y los diputados de la Comisi\u00f3n de Hacienda.<\/p>\n<p class=\"MsoNormal\">La diputada Ivana Celeste Taddei Arriola (Morena), presidenta de la comisi\u00f3n, someti\u00f3 a consideraci\u00f3n el proyecto de dictamen que autoriza la contrataci\u00f3n de forma multianual para los ejercicios fiscales 2024 y hasta 2030.<\/p>\n<p class=\"MsoNormal\">Acompa\u00f1ada por Francisco Rodr\u00edguez y Pahul Alonso Mac Callum Meraz, de la Unidad de Transparencia y Procuradur\u00eda Fiscal, respectivamente, Cynthia Estrada, directora general de Cr\u00e9dito P\u00fablico, explic\u00f3 que se busca contratar instrumentos que presenten las mejores condiciones de mercado y aclar\u00f3 que no se modifican las condiciones de los cr\u00e9ditos, ni se ampl\u00edan los plazos.<\/p>\n<p class=\"MsoNormal\">Aclar\u00f3 que, con esta acci\u00f3n, se busca controlar el efecto de la volatilidad de la tasa de inter\u00e9s interbancaria de equilibrio (TIIE) para asegurar finanzas p\u00fablicas estables.<\/p>\n<p class=\"MsoNormal\">En la reuni\u00f3n estuvieron presentes los diputados H\u00e9ctor Ra\u00fal Castelo Monta\u00f1o (Morena), Sebasti\u00e1n Antonio Ordu\u00f1o Fragoza (PT), Jorge Eugenio Russo Salido (MC) y Ferm\u00edn Trujillo Fuentes (Nueva Alianza).<\/p>\n<p class=\"MsoNormal\">El dictamen aprobado ser\u00e1 enviado a la Comisi\u00f3n de R\u00e9gimen Interno y Concertaci\u00f3n Pol\u00edtica (CRICP) para que sea incluido en el orden del d\u00eda de una pr\u00f3xima sesi\u00f3n.<\/p>\n","protected":false},"excerpt":{"rendered":"<p>El proyecto de dictamen que autoriza al titular del Poder Ejecutivo, a trav\u00e9s de la Secretar\u00eda de Hacienda, a contratar instrumentos con el fin de mitigar el riesgo crediticio asociado a las tasas de inter\u00e9s de la deuda p\u00fablica actualmente contratada, fue aprobado por la y los diputados de la Comisi\u00f3n de Hacienda. La diputada [&hellip;]<\/p>\n","protected":false},"author":1,"featured_media":2481,"comment_status":"open","ping_status":"open","sticky":false,"template":"","format":"standard","meta":{"footnotes":""},"categories":[35],"tags":[],"class_list":["post-2480","post","type-post","status-publish","format-standard","has-post-thumbnail","hentry","category-finanzas"],"_links":{"self":[{"href":"https:\/\/elreporterodelacomunidad.com\/index.php\/wp-json\/wp\/v2\/posts\/2480","targetHints":{"allow":["GET"]}}],"collection":[{"href":"https:\/\/elreporterodelacomunidad.com\/index.php\/wp-json\/wp\/v2\/posts"}],"about":[{"href":"https:\/\/elreporterodelacomunidad.com\/index.php\/wp-json\/wp\/v2\/types\/post"}],"author":[{"embeddable":true,"href":"https:\/\/elreporterodelacomunidad.com\/index.php\/wp-json\/wp\/v2\/users\/1"}],"replies":[{"embeddable":true,"href":"https:\/\/elreporterodelacomunidad.com\/index.php\/wp-json\/wp\/v2\/comments?post=2480"}],"version-history":[{"count":0,"href":"https:\/\/elreporterodelacomunidad.com\/index.php\/wp-json\/wp\/v2\/posts\/2480\/revisions"}],"wp:featuredmedia":[{"embeddable":true,"href":"https:\/\/elreporterodelacomunidad.com\/index.php\/wp-json\/wp\/v2\/media\/2481"}],"wp:attachment":[{"href":"https:\/\/elreporterodelacomunidad.com\/index.php\/wp-json\/wp\/v2\/media?parent=2480"}],"wp:term":[{"taxonomy":"category","embeddable":true,"href":"https:\/\/elreporterodelacomunidad.com\/index.php\/wp-json\/wp\/v2\/categories?post=2480"},{"taxonomy":"post_tag","embeddable":true,"href":"https:\/\/elreporterodelacomunidad.com\/index.php\/wp-json\/wp\/v2\/tags?post=2480"}],"curies":[{"name":"wp","href":"https:\/\/api.w.org\/{rel}","templated":true}]}}