{"id":2478,"date":"2024-02-19T00:00:00","date_gmt":"2024-02-19T07:00:00","guid":{"rendered":"https:\/\/elreporterodelacomunidad.com\/index.php\/2024\/02\/19\/eleazar-n-vinculado-a-proceso-por-abuso-sexual\/"},"modified":"2024-02-19T00:00:00","modified_gmt":"2024-02-19T07:00:00","slug":"eleazar-n-vinculado-a-proceso-por-abuso-sexual","status":"publish","type":"post","link":"https:\/\/elreporterodelacomunidad.com\/index.php\/2024\/02\/19\/eleazar-n-vinculado-a-proceso-por-abuso-sexual\/","title":{"rendered":"Eleazar \u201cN\u201d vinculado a proceso por abuso sexual"},"content":{"rendered":"<p class=\"MsoNormal\">Por su probable responsabilidad por el delito de abuso sexual cometido en agravio de una menor de 4 a\u00f1os de edad, Eleazar \u201cN\u201d fue vinculado a proceso y puesto en prisi\u00f3n preventiva como medida cautelar.<\/p>\n<p class=\"MsoNormal\">La carpeta de investigaci\u00f3n establece que el sujeto, vali\u00e9ndose de sus funciones como trabajador de intendencia de un plantel escolar, aprovech\u00f3 para abusar sexualmente de la v\u00edctima, a quien despoj\u00f3 de su ropa para tocarla, bajo la amenaza de matarla, hecho ocurrido en junio de 2023.<\/p>\n<p class=\"MsoNormal\">Fue capturado el pasado 9 de febrero por elementos de la Agencia Ministerial de Investigaci\u00f3n Criminal (AMIC) en la colonia La Huerta, en Hermosillo, Sonora y puesto a disposici\u00f3n de la autoridad correspondiente.<\/p>\n<p class=\"MsoNormal\">Posteriormente, en audiencia un Juez determin\u00f3 la vinculaci\u00f3n a proceso y mantuvo la prisi\u00f3n preventiva como medida cautelar, adem\u00e1s de otorgar un plazo de 2 meses para realizar la investigaci\u00f3n complementaria.<\/p>\n","protected":false},"excerpt":{"rendered":"<p>Por su probable responsabilidad por el delito de abuso sexual cometido en agravio de una menor de 4 a\u00f1os de edad, Eleazar \u201cN\u201d fue vinculado a proceso y puesto en prisi\u00f3n preventiva como medida cautelar. La carpeta de investigaci\u00f3n establece que el sujeto, vali\u00e9ndose de sus funciones como trabajador de intendencia de un plantel escolar, [&hellip;]<\/p>\n","protected":false},"author":1,"featured_media":2479,"comment_status":"open","ping_status":"open","sticky":false,"template":"","format":"standard","meta":{"footnotes":""},"categories":[32],"tags":[],"class_list":["post-2478","post","type-post","status-publish","format-standard","has-post-thumbnail","hentry","category-policiaca"],"_links":{"self":[{"href":"https:\/\/elreporterodelacomunidad.com\/index.php\/wp-json\/wp\/v2\/posts\/2478","targetHints":{"allow":["GET"]}}],"collection":[{"href":"https:\/\/elreporterodelacomunidad.com\/index.php\/wp-json\/wp\/v2\/posts"}],"about":[{"href":"https:\/\/elreporterodelacomunidad.com\/index.php\/wp-json\/wp\/v2\/types\/post"}],"author":[{"embeddable":true,"href":"https:\/\/elreporterodelacomunidad.com\/index.php\/wp-json\/wp\/v2\/users\/1"}],"replies":[{"embeddable":true,"href":"https:\/\/elreporterodelacomunidad.com\/index.php\/wp-json\/wp\/v2\/comments?post=2478"}],"version-history":[{"count":0,"href":"https:\/\/elreporterodelacomunidad.com\/index.php\/wp-json\/wp\/v2\/posts\/2478\/revisions"}],"wp:featuredmedia":[{"embeddable":true,"href":"https:\/\/elreporterodelacomunidad.com\/index.php\/wp-json\/wp\/v2\/media\/2479"}],"wp:attachment":[{"href":"https:\/\/elreporterodelacomunidad.com\/index.php\/wp-json\/wp\/v2\/media?parent=2478"}],"wp:term":[{"taxonomy":"category","embeddable":true,"href":"https:\/\/elreporterodelacomunidad.com\/index.php\/wp-json\/wp\/v2\/categories?post=2478"},{"taxonomy":"post_tag","embeddable":true,"href":"https:\/\/elreporterodelacomunidad.com\/index.php\/wp-json\/wp\/v2\/tags?post=2478"}],"curies":[{"name":"wp","href":"https:\/\/api.w.org\/{rel}","templated":true}]}}