{"id":2474,"date":"2024-02-19T00:00:00","date_gmt":"2024-02-19T07:00:00","guid":{"rendered":"https:\/\/elreporterodelacomunidad.com\/index.php\/2024\/02\/19\/apoyara-ayuntamiento-de-hermosillo-emprendimientos-de-personas-con-discapacidad-o-sus-cuidadores\/"},"modified":"2024-02-19T00:00:00","modified_gmt":"2024-02-19T07:00:00","slug":"apoyara-ayuntamiento-de-hermosillo-emprendimientos-de-personas-con-discapacidad-o-sus-cuidadores","status":"publish","type":"post","link":"https:\/\/elreporterodelacomunidad.com\/index.php\/2024\/02\/19\/apoyara-ayuntamiento-de-hermosillo-emprendimientos-de-personas-con-discapacidad-o-sus-cuidadores\/","title":{"rendered":"Apoyar\u00e1 Ayuntamiento de Hermosillo emprendimientos de personas con discapacidad o sus cuidadores"},"content":{"rendered":"<div>Para visibilizar a las personas con discapacidad en Hermosillo e impulsar sus emprendimientos y a quienes las cuidan, se llevar\u00e1 a cabo el Desaf\u00edo Incluyente 2024, cuya convocatoria para participar estar\u00e1 abierta hasta el pr\u00f3ximo 10 de marzo.<\/div>\n<div><\/div>\n<div>Isela Montes de Oca Tapia, directora de DIF Hermosillo, explic\u00f3 que es un programa que busca, a trav\u00e9s de un incentivo econ\u00f3mico, apoyar los negocios que tienen las personas con discapacidad o las cuidadoras de personas con discapacidad.<\/div>\n<div><\/div>\n<div>\u201cLos requisitos son ser residentes de Hermosillo, de entre 20 a 70 a\u00f1os, tener una discapacidad permanente o ser familiar o cuidador de una persona con discapacidad y contar con un emprendimiento o empresa, no importa si es chica o grande, el punto aqu\u00ed es impulsarlos\u201d, coment\u00f3.<\/div>\n<div><\/div>\n<div>Montes de Oca Tapia dijo que la documentaci\u00f3n se puede llevar a las oficinas del Consejo Municipal para las personas con Discapacidad (COMUDIS), ubicadas en Paseo R\u00edo Sonora, en Marsella Residencial, con el tel\u00e9fono 6621366250.<\/div>\n<div><\/div>\n<div>La directora de Agencia Municipal de Desarrollo Econ\u00f3mico (AMDE), Gertie Mar\u00eda Agraz Boeneker, precis\u00f3 que tendr\u00e1n capacitaciones todas las personas que se registren en el programa, con los&nbsp; m\u00f3dulos: Modelo de Negocio, Investigaci\u00f3n de Mercado, Marketing, Viabilidad Financiera, Foto de Producto, Habilidades de Presentaci\u00f3n, con duraci\u00f3n de una semana, tres horas diarias de lunes a viernes.<\/div>\n<div><\/div>\n<div><\/div>\n<div>Jeannette Molina Caire, directora de COMUDIS, expuso que la diferencia al a\u00f1o pasado ser\u00e1n los premios, porque en 2023 hubo una bolsa de 50 mil pesos y la de 2024 ser\u00e1 de 150 mil pesos, porque los diez finalistas recibir\u00e1n un incentivo econ\u00f3mico.<\/div>\n<div><\/div>\n<div>\u201cEn el desaf\u00edo 2023 tuvimos la participaci\u00f3n de 32 emprendimientos, la verdad es que fue muy nutritivo escucharlos en los cursos y ver c\u00f3mo cambiaron despu\u00e9s de todo lo que aprendieron y les sirvi\u00f3 mejorar\u201d, manifest\u00f3.<\/div>\n<div><\/div>\n<div>Omar Guti\u00e9rrez, director del Centro Municipal del Emprendedor de la AMDE, agreg\u00f3 que despu\u00e9s de las capacitaciones se anuncian los diez finalistas, cinco&nbsp; y cinco de cada categor\u00eda, quienes deben preparar su Pitch, que es la din\u00e1mica en la que tendr\u00e1n tres minutos para presentar su proyecto y cinco minutos para responder preguntas de los jueces.<\/div>\n<div><\/div>\n<div>El 16 y 17 de marzo se tendr\u00e1 el People\u00b4s Choice Award (redes sociales) en el cual toda la gente podr\u00e1 votar por su emprendimiento favorito en redes sociales y el 21 de marzo se llevar\u00e1 a cabo el 21 de marzo.<\/div>\n<div><\/div>\n<div>Fechas Importantes:&nbsp;<\/div>\n<div>19 febrero \u2013 Inicio de Convocatoria<\/div>\n<div>28 febrero \u2013 Encuentro Empresarial y Fundaciones KickOff<\/div>\n<div>10 marzo \u2013 Cierre de convocatoria.&nbsp;<\/div>\n<div>11, 12 y 13 marzo \u2013 Capacitaciones<\/div>\n<div>15 marzo \u2013 Anuncio de los 10 finalistas&nbsp;<\/div>\n<div>16 y 17 marzo \u2013 People\u00b4s Choice Award (redes sociales)<\/div>\n<div>18 marzo \u2013 Capacitaci\u00f3n finalistas<\/div>\n<div>21 marzo \u2013 Evento final de premiaci\u00f3n.<\/div>\n","protected":false},"excerpt":{"rendered":"<p>A trav\u00e9s de DIF Hermosillo y la AMDE se lanz\u00f3 la convocatoria de Desaf\u00edo Incluyente 2024, que es un programa de formaci\u00f3n y acompa\u00f1amiento de personas con discapacidad o cuidadores de personas con discapacidad, para que fortalezcan sus emprendimientos.<\/p>\n","protected":false},"author":1,"featured_media":2475,"comment_status":"open","ping_status":"open","sticky":false,"template":"","format":"standard","meta":{"footnotes":""},"categories":[41],"tags":[],"class_list":["post-2474","post","type-post","status-publish","format-standard","has-post-thumbnail","hentry","category-cultura"],"_links":{"self":[{"href":"https:\/\/elreporterodelacomunidad.com\/index.php\/wp-json\/wp\/v2\/posts\/2474","targetHints":{"allow":["GET"]}}],"collection":[{"href":"https:\/\/elreporterodelacomunidad.com\/index.php\/wp-json\/wp\/v2\/posts"}],"about":[{"href":"https:\/\/elreporterodelacomunidad.com\/index.php\/wp-json\/wp\/v2\/types\/post"}],"author":[{"embeddable":true,"href":"https:\/\/elreporterodelacomunidad.com\/index.php\/wp-json\/wp\/v2\/users\/1"}],"replies":[{"embeddable":true,"href":"https:\/\/elreporterodelacomunidad.com\/index.php\/wp-json\/wp\/v2\/comments?post=2474"}],"version-history":[{"count":0,"href":"https:\/\/elreporterodelacomunidad.com\/index.php\/wp-json\/wp\/v2\/posts\/2474\/revisions"}],"wp:featuredmedia":[{"embeddable":true,"href":"https:\/\/elreporterodelacomunidad.com\/index.php\/wp-json\/wp\/v2\/media\/2475"}],"wp:attachment":[{"href":"https:\/\/elreporterodelacomunidad.com\/index.php\/wp-json\/wp\/v2\/media?parent=2474"}],"wp:term":[{"taxonomy":"category","embeddable":true,"href":"https:\/\/elreporterodelacomunidad.com\/index.php\/wp-json\/wp\/v2\/categories?post=2474"},{"taxonomy":"post_tag","embeddable":true,"href":"https:\/\/elreporterodelacomunidad.com\/index.php\/wp-json\/wp\/v2\/tags?post=2474"}],"curies":[{"name":"wp","href":"https:\/\/api.w.org\/{rel}","templated":true}]}}