{"id":24735,"date":"2025-11-13T18:24:33","date_gmt":"2025-11-14T01:24:33","guid":{"rendered":"https:\/\/elreporterodelacomunidad.com\/?p=24735"},"modified":"2025-11-13T18:24:38","modified_gmt":"2025-11-14T01:24:38","slug":"honran-a-heroes-de-cruz-roja-hermosillo-por-su-labor-en-la-tragedia-de-waldos","status":"publish","type":"post","link":"https:\/\/elreporterodelacomunidad.com\/index.php\/2025\/11\/13\/honran-a-heroes-de-cruz-roja-hermosillo-por-su-labor-en-la-tragedia-de-waldos\/","title":{"rendered":"Honran a h\u00e9roes de Cruz Roja Hermosillo por su labor en la tragedia de Waldo&#8217;s"},"content":{"rendered":"\n<p>Reconocen a 35 param\u00e9dicos por su respuesta ejemplar tras la explosi\u00f3n del 1 de noviembre.<\/p>\n\n\n\n<p>Hermosillo, Sonora a 13 de noviembre de 2025.- Un total de 35 param\u00e9dicos de la Cruz Roja Delegaci\u00f3n Hermosillo recibieron reconocimientos por su destacado apoyo en los servicios prehospitalarios brindados a las personas lesionadas durante la explosi\u00f3n ocurrida en Waldo&#8217;s el pasado 1 de noviembre.<\/p>\n\n\n\n<p>El presidente nacional de Cruz Roja Mexicana, Carlos Freaner Figueroa, destac\u00f3 que los socorristas de Hermosillo son un ejemplo y un orgullo para todas las delegaciones del pa\u00eds.<\/p>\n\n\n\n<p>&#8220;Qu\u00e9 orgullo ver a la Cruz Roja Mexicana de la Delegaci\u00f3n Hermosillo reaccionar de esa forma ante un evento masivo que quedar\u00e1 en el coraz\u00f3n de todos los sonorenses y de todos los mexicanos&#8221;, expres\u00f3.<\/p>\n\n\n\n<p>Invit\u00f3 a los param\u00e9dicos a continuar con el mismo empe\u00f1o en los servicios prehospitalarios que brindan diariamente en situaciones de emergencia.<\/p>\n\n\n\n<p>Gabriela Carpetier Camou, socorrista de la Cruz Roja Hermosillo, agradeci\u00f3 a las autoridades por reconocer la labor realizada para apoyar a las personas afectadas durante la tragedia.<\/p>\n\n\n\n<p>&#8220;Este reconocimiento lo recibimos con mucho orgullo y gratitud, no como un logro individual, sino como un testimonio del trabajo en conjunto de quienes integramos esta gran familia&#8221;, enfatiz\u00f3. (Uniradio).<\/p>\n","protected":false},"excerpt":{"rendered":"<p>Reconocen a 35 param\u00e9dicos por su respuesta ejemplar tras la explosi\u00f3n del 1 de noviembre. Hermosillo, Sonora a 13 de noviembre de 2025.- Un total de 35 param\u00e9dicos de la Cruz Roja Delegaci\u00f3n Hermosillo recibieron reconocimientos por su destacado apoyo en los servicios prehospitalarios brindados a las personas lesionadas durante la explosi\u00f3n ocurrida en Waldo&#8217;s [&hellip;]<\/p>\n","protected":false},"author":1,"featured_media":24736,"comment_status":"open","ping_status":"open","sticky":false,"template":"","format":"standard","meta":{"footnotes":""},"categories":[36],"tags":[],"class_list":["post-24735","post","type-post","status-publish","format-standard","has-post-thumbnail","hentry","category-educacion"],"_links":{"self":[{"href":"https:\/\/elreporterodelacomunidad.com\/index.php\/wp-json\/wp\/v2\/posts\/24735","targetHints":{"allow":["GET"]}}],"collection":[{"href":"https:\/\/elreporterodelacomunidad.com\/index.php\/wp-json\/wp\/v2\/posts"}],"about":[{"href":"https:\/\/elreporterodelacomunidad.com\/index.php\/wp-json\/wp\/v2\/types\/post"}],"author":[{"embeddable":true,"href":"https:\/\/elreporterodelacomunidad.com\/index.php\/wp-json\/wp\/v2\/users\/1"}],"replies":[{"embeddable":true,"href":"https:\/\/elreporterodelacomunidad.com\/index.php\/wp-json\/wp\/v2\/comments?post=24735"}],"version-history":[{"count":1,"href":"https:\/\/elreporterodelacomunidad.com\/index.php\/wp-json\/wp\/v2\/posts\/24735\/revisions"}],"predecessor-version":[{"id":24737,"href":"https:\/\/elreporterodelacomunidad.com\/index.php\/wp-json\/wp\/v2\/posts\/24735\/revisions\/24737"}],"wp:featuredmedia":[{"embeddable":true,"href":"https:\/\/elreporterodelacomunidad.com\/index.php\/wp-json\/wp\/v2\/media\/24736"}],"wp:attachment":[{"href":"https:\/\/elreporterodelacomunidad.com\/index.php\/wp-json\/wp\/v2\/media?parent=24735"}],"wp:term":[{"taxonomy":"category","embeddable":true,"href":"https:\/\/elreporterodelacomunidad.com\/index.php\/wp-json\/wp\/v2\/categories?post=24735"},{"taxonomy":"post_tag","embeddable":true,"href":"https:\/\/elreporterodelacomunidad.com\/index.php\/wp-json\/wp\/v2\/tags?post=24735"}],"curies":[{"name":"wp","href":"https:\/\/api.w.org\/{rel}","templated":true}]}}