{"id":24625,"date":"2025-11-12T14:12:53","date_gmt":"2025-11-12T21:12:53","guid":{"rendered":"https:\/\/elreporterodelacomunidad.com\/?p=24625"},"modified":"2025-11-12T14:12:55","modified_gmt":"2025-11-12T21:12:55","slug":"acredita-universidad-de-sonora-nueve-programas-academicos-durante-2025","status":"publish","type":"post","link":"https:\/\/elreporterodelacomunidad.com\/index.php\/2025\/11\/12\/acredita-universidad-de-sonora-nueve-programas-academicos-durante-2025\/","title":{"rendered":"Acredita Universidad de Sonora nueve programas acad\u00e9micos durante 2025"},"content":{"rendered":"\n<p>Una acreditaci\u00f3n no es solo un tr\u00e1mite, es un compromiso p\u00fablico de la universidad con la excelencia, beneficiando a la instituci\u00f3n y a sus estudiantes con la certeza de una educaci\u00f3n de alto nivel.<\/p>\n\n\n\n<p>Hermosillo, Sonora a 12 de noviembre de 2025.- Durante este 2025, la Universidad de Sonora ha recibido la acreditaci\u00f3n de nueve programas acad\u00e9micos evaluados por los Comit\u00e9s Interinstitucionales para la Evaluaci\u00f3n de la Educaci\u00f3n Superior (CIEES).<\/p>\n\n\n\n<p>Enrique Bolado Mart\u00ednez, secretario general acad\u00e9mico de esta casa de estudios, inform\u00f3 de la acreditaci\u00f3n por cinco a\u00f1os de las licenciaturas de Administraci\u00f3n del campus Caborca, y de Derecho, del campus Santa Ana, desde el 6 de octubre de 2025.<\/p>\n\n\n\n<p>A\u00f1adi\u00f3 a que los programas de Trabajo Social, del campus Hermosillo, y Contadur\u00eda P\u00fablica del campus Caborca tambi\u00e9n fueron acreditados por cinco a\u00f1os, comenzando su vigencia desde el 7 de noviembre del a\u00f1o en curso.<\/p>\n\n\n\n<p>Asimismo, coment\u00f3, la Licenciatura en Turismo recibi\u00f3 una acreditaci\u00f3n para los pr\u00f3ximos 3 a\u00f1os por parte de los organismos evaluadores de las CIEES que realizaron las visitas de evaluaci\u00f3n durante los meses de septiembre y octubre.<\/p>\n\n\n\n<p>Bolado Mart\u00ednez consider\u00f3 que con los reconocimientos anteriores, la Universidad de Sonora suma este a\u00f1o, un total de nueve programas acreditados, incluyendo las licenciaturas en Enfermer\u00eda del campus Navojoa , as\u00ed como Negocios y Comercio Internacionales, del campus Caborca.<\/p>\n\n\n\n<p>Adem\u00e1s, el programa de Ciencias Nutricionales del campus Cajeme y Medicina, del mismo campus por cinco a\u00f1os, con reconocimiento internacional.<\/p>\n\n\n\n<p>En este contexto, el secretario general acad\u00e9mico detall\u00f3 que ocho de los nueve programas educativos fueron acreditados por los CIEES, mientras que el programa de Medicina, del campus Cajeme, obtuvo su acreditaci\u00f3n a trav\u00e9s del Consejo Mexicano para la Acreditaci\u00f3n de la Educaci\u00f3n M\u00e9dica, A.C. (COMAEM).<\/p>\n\n\n\n<p>A\u00f1adi\u00f3 que para el cierre de este 2025, la Universidad de Sonora espera recibir los dict\u00e1menes de evaluaci\u00f3n correspondientes a los programas educativos de Administraci\u00f3n y de Contadur\u00eda P\u00fablica del Campus Navojoa, as\u00ed como de Administraci\u00f3n del Campus Nogales, y los programas de Ingeniero Minero e Ingenier\u00eda Civil, del Campus Hermosillo.<\/p>\n\n\n\n<p class=\"has-text-align-center\"><img loading=\"lazy\" decoding=\"async\" width=\"500\" height=\"196\" class=\"wp-image-24627\" style=\"width: 500px;\" src=\"https:\/\/elreporterodelacomunidad.com\/wp-content\/uploads\/2025\/11\/095ebe9e-6319-4691-a8ee-b70beb5bc4f8.jpg\" alt=\"\" srcset=\"https:\/\/elreporterodelacomunidad.com\/wp-content\/uploads\/2025\/11\/095ebe9e-6319-4691-a8ee-b70beb5bc4f8.jpg 1600w, https:\/\/elreporterodelacomunidad.com\/wp-content\/uploads\/2025\/11\/095ebe9e-6319-4691-a8ee-b70beb5bc4f8-300x117.jpg 300w, https:\/\/elreporterodelacomunidad.com\/wp-content\/uploads\/2025\/11\/095ebe9e-6319-4691-a8ee-b70beb5bc4f8-1024x401.jpg 1024w, https:\/\/elreporterodelacomunidad.com\/wp-content\/uploads\/2025\/11\/095ebe9e-6319-4691-a8ee-b70beb5bc4f8-768x300.jpg 768w, https:\/\/elreporterodelacomunidad.com\/wp-content\/uploads\/2025\/11\/095ebe9e-6319-4691-a8ee-b70beb5bc4f8-1536x601.jpg 1536w, https:\/\/elreporterodelacomunidad.com\/wp-content\/uploads\/2025\/11\/095ebe9e-6319-4691-a8ee-b70beb5bc4f8-750x293.jpg 750w, https:\/\/elreporterodelacomunidad.com\/wp-content\/uploads\/2025\/11\/095ebe9e-6319-4691-a8ee-b70beb5bc4f8-1140x446.jpg 1140w\" sizes=\"auto, (max-width: 500px) 100vw, 500px\" \/><\/p>\n\n\n\n<p>\u00bfPor qu\u00e9 se acreditan los programas?<\/p>\n\n\n\n<p>* La acreditaci\u00f3n eleva la reputaci\u00f3n de la universidad posicion\u00e1ndola como una formadora de profesionales de alta calidad.<\/p>\n\n\n\n<p>* El proceso de autoevaluaci\u00f3n y evaluaci\u00f3n externa se convierte en un mecanismo de superaci\u00f3n permanente, ayudando a la universidad a identificar y mejorar sus \u00e1reas de oportunidad (curr\u00edculo, infraestructura, profesorado, etc.).<\/p>\n\n\n\n<p>* Las universidades con programas acreditados suelen tener mayor facilidad para acceder a becas, financiamiento y apoyos econ\u00f3micos gubernamentales.<\/p>\n\n\n\n<p>* Facilita la celebraci\u00f3n de convenios de colaboraci\u00f3n, movilidad e intercambio acad\u00e9mico con otras instituciones acreditadas, tanto dentro del pa\u00eds como en el extranjero.<\/p>\n\n\n\n<p>* Asegura que los estudiantes reciben una formaci\u00f3n pertinente, actualizada y de excelencia.<\/p>\n\n\n\n<p>* Los empleadores conf\u00edan m\u00e1s en los egresados de programas acreditados, ya que el sello de calidad valida sus conocimientos y aumenta su competitividad en el mercado laboral.<\/p>\n\n\n\n<p>Una acreditaci\u00f3n no es solo un tr\u00e1mite, es un compromiso p\u00fablico de la universidad con la excelencia, beneficiando a la instituci\u00f3n y a sus estudiantes con la certeza de una educaci\u00f3n de alto nivel.<\/p>\n","protected":false},"excerpt":{"rendered":"<p>Una acreditaci\u00f3n no es solo un tr\u00e1mite, es un compromiso p\u00fablico de la universidad con la excelencia, beneficiando a la instituci\u00f3n y a sus estudiantes con la certeza de una educaci\u00f3n de alto nivel. Hermosillo, Sonora a 12 de noviembre de 2025.- Durante este 2025, la Universidad de Sonora ha recibido la acreditaci\u00f3n de nueve [&hellip;]<\/p>\n","protected":false},"author":2,"featured_media":24626,"comment_status":"open","ping_status":"open","sticky":false,"template":"","format":"standard","meta":{"footnotes":""},"categories":[36],"tags":[],"class_list":["post-24625","post","type-post","status-publish","format-standard","has-post-thumbnail","hentry","category-educacion"],"_links":{"self":[{"href":"https:\/\/elreporterodelacomunidad.com\/index.php\/wp-json\/wp\/v2\/posts\/24625","targetHints":{"allow":["GET"]}}],"collection":[{"href":"https:\/\/elreporterodelacomunidad.com\/index.php\/wp-json\/wp\/v2\/posts"}],"about":[{"href":"https:\/\/elreporterodelacomunidad.com\/index.php\/wp-json\/wp\/v2\/types\/post"}],"author":[{"embeddable":true,"href":"https:\/\/elreporterodelacomunidad.com\/index.php\/wp-json\/wp\/v2\/users\/2"}],"replies":[{"embeddable":true,"href":"https:\/\/elreporterodelacomunidad.com\/index.php\/wp-json\/wp\/v2\/comments?post=24625"}],"version-history":[{"count":1,"href":"https:\/\/elreporterodelacomunidad.com\/index.php\/wp-json\/wp\/v2\/posts\/24625\/revisions"}],"predecessor-version":[{"id":24628,"href":"https:\/\/elreporterodelacomunidad.com\/index.php\/wp-json\/wp\/v2\/posts\/24625\/revisions\/24628"}],"wp:featuredmedia":[{"embeddable":true,"href":"https:\/\/elreporterodelacomunidad.com\/index.php\/wp-json\/wp\/v2\/media\/24626"}],"wp:attachment":[{"href":"https:\/\/elreporterodelacomunidad.com\/index.php\/wp-json\/wp\/v2\/media?parent=24625"}],"wp:term":[{"taxonomy":"category","embeddable":true,"href":"https:\/\/elreporterodelacomunidad.com\/index.php\/wp-json\/wp\/v2\/categories?post=24625"},{"taxonomy":"post_tag","embeddable":true,"href":"https:\/\/elreporterodelacomunidad.com\/index.php\/wp-json\/wp\/v2\/tags?post=24625"}],"curies":[{"name":"wp","href":"https:\/\/api.w.org\/{rel}","templated":true}]}}