{"id":24402,"date":"2025-11-03T20:58:44","date_gmt":"2025-11-04T03:58:44","guid":{"rendered":"https:\/\/elreporterodelacomunidad.com\/?p=24402"},"modified":"2025-11-03T20:58:46","modified_gmt":"2025-11-04T03:58:46","slug":"presenta-juan-osorio-a-silvia-navarro-como-protagonista-de-amor-en-custodia-de-televisa","status":"publish","type":"post","link":"https:\/\/elreporterodelacomunidad.com\/index.php\/2025\/11\/03\/presenta-juan-osorio-a-silvia-navarro-como-protagonista-de-amor-en-custodia-de-televisa\/","title":{"rendered":"Presenta Juan Osorio a Silvia Navarro como protagonista de \u2018Amor en custodia\u2019 de Televisa"},"content":{"rendered":"\n<p>El melodrama que se estrenar\u00e1 en 2026 ser\u00e1 la tercera versi\u00f3n mexicana de la historia argentina; la \u00faltima fue protagonizada en 2012 por Erika Buenfil, Eduardo Y\u00e1\u00f1ez y Eiza Gonz\u00e1lez.<\/p>\n\n\n\n<p>Ciudad de M\u00e9xico a 03 de noviembre de 2025 (Vanguardia).- Los rumores resultaron ciertos: Silvia Navarro regresa a las telenovelas en Televisa. La actriz encabezar\u00e1 el elenco de \u2018Guardi\u00e1n de mi Coraz\u00f3n\u2019, t\u00edtulo con el que se llevar\u00e1 a la pantalla una nueva versi\u00f3n de Amor en custodia.<\/p>\n\n\n\n<p>\u201c\u00bfSe acuerdan de Mi coraz\u00f3n es tuyo?\u201d, escribi\u00f3 el productor Juan Osorio en su cuenta de Instagram junto a una fotograf\u00eda en la que aparece con la actriz y el cartel oficial del melodrama.<\/p>\n\n\n\n<p>Desde hace una semana, el periodista Juan Jos\u00e9 Origel hab\u00eda filtrado el nombre de Navarro como protagonista del proyecto. Aunque a\u00fan no hay confirmaci\u00f3n oficial, Daniel Arenas, Paulina Goto y Diego Klein compartir\u00edan los cr\u00e9ditos principales.<\/p>\n\n\n\n<p>\u00bfCU\u00c1NDO ESTRENA LA TELENOVELA DE SILVIA NAVARRO?<\/p>\n\n\n\n<p>El melodrama est\u00e1 planeado para estrenarse en 2026 dentro del horario estelar de Las Estrellas, y se especula que ver\u00e1 la luz durante el verano.<\/p>\n\n\n\n<p>Las grabaciones comenzar\u00e1n en diciembre, una vez que Osorio concluya las transmisiones de su m\u00e1s reciente producci\u00f3n, Amanecer, protagonizada por Fernando Colunga y Livia Brito.<\/p>\n\n\n\n<p>El \u00faltimo proyecto televisivo de Navarro fue la serie \u2018Juegos Interrumpidos\u2019 (2024), que protagoniz\u00f3 junto a Jorge Salinas para VIX, tras un descanso de las telenovelas desde 2021.<\/p>\n\n\n\n<p>\u00bfQU\u00c9 ES AMOR EN CUSTODIA?<\/p>\n\n\n\n<p>En 2012, Televisa ya hab\u00eda realizado una adaptaci\u00f3n de Amor en custodia, historia originalmente producida por TV Azteca, que alcanz\u00f3 un gran \u00e9xito de audiencia a nivel nacional.<\/p>\n\n\n\n<p>La versi\u00f3n de Azteca cont\u00f3 con las actuaciones de Margarita Gralia, Paola N\u00fa\u00f1ez, Sergio Bas\u00e1\u00f1ez, Andr\u00e9s Palacios y Adriana Louvier, mientras que la adaptaci\u00f3n de Televisa, producida por Nicandro D\u00edaz, tuvo como protagonistas a Erika Buenfil, Eduardo Y\u00e1\u00f1ez, Eiza Gonz\u00e1lez y Sebasti\u00e1n Rulli.<\/p>\n","protected":false},"excerpt":{"rendered":"<p>El melodrama que se estrenar\u00e1 en 2026 ser\u00e1 la tercera versi\u00f3n mexicana de la historia argentina; la \u00faltima fue protagonizada en 2012 por Erika Buenfil, Eduardo Y\u00e1\u00f1ez y Eiza Gonz\u00e1lez. Ciudad de M\u00e9xico a 03 de noviembre de 2025 (Vanguardia).- Los rumores resultaron ciertos: Silvia Navarro regresa a las telenovelas en Televisa. La actriz encabezar\u00e1 [&hellip;]<\/p>\n","protected":false},"author":1,"featured_media":24403,"comment_status":"open","ping_status":"open","sticky":false,"template":"","format":"standard","meta":{"footnotes":""},"categories":[31],"tags":[],"class_list":["post-24402","post","type-post","status-publish","format-standard","has-post-thumbnail","hentry","category-espectaculos"],"_links":{"self":[{"href":"https:\/\/elreporterodelacomunidad.com\/index.php\/wp-json\/wp\/v2\/posts\/24402","targetHints":{"allow":["GET"]}}],"collection":[{"href":"https:\/\/elreporterodelacomunidad.com\/index.php\/wp-json\/wp\/v2\/posts"}],"about":[{"href":"https:\/\/elreporterodelacomunidad.com\/index.php\/wp-json\/wp\/v2\/types\/post"}],"author":[{"embeddable":true,"href":"https:\/\/elreporterodelacomunidad.com\/index.php\/wp-json\/wp\/v2\/users\/1"}],"replies":[{"embeddable":true,"href":"https:\/\/elreporterodelacomunidad.com\/index.php\/wp-json\/wp\/v2\/comments?post=24402"}],"version-history":[{"count":1,"href":"https:\/\/elreporterodelacomunidad.com\/index.php\/wp-json\/wp\/v2\/posts\/24402\/revisions"}],"predecessor-version":[{"id":24404,"href":"https:\/\/elreporterodelacomunidad.com\/index.php\/wp-json\/wp\/v2\/posts\/24402\/revisions\/24404"}],"wp:featuredmedia":[{"embeddable":true,"href":"https:\/\/elreporterodelacomunidad.com\/index.php\/wp-json\/wp\/v2\/media\/24403"}],"wp:attachment":[{"href":"https:\/\/elreporterodelacomunidad.com\/index.php\/wp-json\/wp\/v2\/media?parent=24402"}],"wp:term":[{"taxonomy":"category","embeddable":true,"href":"https:\/\/elreporterodelacomunidad.com\/index.php\/wp-json\/wp\/v2\/categories?post=24402"},{"taxonomy":"post_tag","embeddable":true,"href":"https:\/\/elreporterodelacomunidad.com\/index.php\/wp-json\/wp\/v2\/tags?post=24402"}],"curies":[{"name":"wp","href":"https:\/\/api.w.org\/{rel}","templated":true}]}}