{"id":24367,"date":"2025-11-03T19:31:06","date_gmt":"2025-11-04T02:31:06","guid":{"rendered":"https:\/\/elreporterodelacomunidad.com\/?p=24367"},"modified":"2025-11-03T19:31:12","modified_gmt":"2025-11-04T02:31:12","slug":"llega-departamento-de-derecho-de-la-unison-a-su-72-aniversario","status":"publish","type":"post","link":"https:\/\/elreporterodelacomunidad.com\/index.php\/2025\/11\/03\/llega-departamento-de-derecho-de-la-unison-a-su-72-aniversario\/","title":{"rendered":"Llega departamento de Derecho de la Unison a su 72 aniversario"},"content":{"rendered":"\n<p>Con una ceremonia discreta y sin elementos festivos, el Departamento de Derecho de la Universidad de Sonora marc\u00f3 este lunes 3 de noviembre el hito de su 72 aniversario.<\/p>\n\n\n\n<p>Hermosillo, Sonora a 03 de noviembre de 2025.- Al iniciar actividades, se ofreci\u00f3 un minuto de silencio en homenaje a las m\u00e1s de 20 v\u00edctimas mortales de la conflagraci\u00f3n sucedida en un comercio en el centro de Hermosillo, donde perecieran Johana Guadalupe Hern\u00e1ndez S\u00e1nchez, alumna del programa de Negocios y Comercio Internacionales, como de Joaqu\u00edn Ortiz Mungu\u00eda, padre de Christian Guadalupe Ortiz Salom\u00f3n, trabajador de UNISON TV.<\/p>\n\n\n\n<p>En su mensaje, la rectora Dena Mar\u00eda Camarena G\u00f3mez, se\u00f1al\u00f3 que en la comunidad universitaria lo que le pasa a uno le pasa a todas y todos, y aprovech\u00f3 para expresar sus condolencias a familiares y allegados de las v\u00edctimas del incendio.<\/p>\n\n\n\n<p>\u201cComo acad\u00e9mica y como rectora, mi esp\u00edritu y mi empe\u00f1o universitario est\u00e1 con ustedes, que se han esforzado tanto por engrandecer a esta unidad acad\u00e9mica y convertirla en un pilar de la Universidad, y un referente del Derecho en la regi\u00f3n noroeste del pa\u00eds.<\/p>\n\n\n\n<p>\u201cPero quiero decirles que mi coraz\u00f3n est\u00e1 con los familiares, compa\u00f1eros y amigos de Johana Guadalupe Hern\u00e1ndez y de Joaqu\u00edn Ortiz, as\u00ed como los de todas y todos los dem\u00e1s lesionados en el siniestro, porque una desgracia como la sucedida el s\u00e1bado pasado es un golpe doloroso para todas y todos nosotros\u201d, expres\u00f3.<\/p>\n\n\n\n<p>Al referirse a las siete d\u00e9cadas del Departamento de Derecho, Camarena G\u00f3mez destac\u00f3 la formaci\u00f3n de generaciones de juristas, servidores p\u00fablicos, legisladores, magistradas, jueces y abogadas que han contribuido al fortalecimiento del Estado de Derecho y de las instituciones democr\u00e1ticas de Sonora y de M\u00e9xico.<\/p>\n\n\n\n<p class=\"has-text-align-center\"><img loading=\"lazy\" decoding=\"async\" width=\"500\" height=\"333\" class=\"wp-image-24369\" style=\"width: 500px;\" src=\"https:\/\/elreporterodelacomunidad.com\/wp-content\/uploads\/2025\/11\/2-2.jpg\" alt=\"\" srcset=\"https:\/\/elreporterodelacomunidad.com\/wp-content\/uploads\/2025\/11\/2-2.jpg 1600w, https:\/\/elreporterodelacomunidad.com\/wp-content\/uploads\/2025\/11\/2-2-300x200.jpg 300w, https:\/\/elreporterodelacomunidad.com\/wp-content\/uploads\/2025\/11\/2-2-1024x682.jpg 1024w, https:\/\/elreporterodelacomunidad.com\/wp-content\/uploads\/2025\/11\/2-2-768x512.jpg 768w, https:\/\/elreporterodelacomunidad.com\/wp-content\/uploads\/2025\/11\/2-2-1536x1023.jpg 1536w, https:\/\/elreporterodelacomunidad.com\/wp-content\/uploads\/2025\/11\/2-2-750x500.jpg 750w, https:\/\/elreporterodelacomunidad.com\/wp-content\/uploads\/2025\/11\/2-2-1140x760.jpg 1140w\" sizes=\"auto, (max-width: 500px) 100vw, 500px\" \/><\/p>\n\n\n\n<p>\u201cConmemoramos estos 72 a\u00f1os del Derecho en la Universidad con una felicidad reflexiva que nos permita llevar en la memoria a quienes nos acompa\u00f1aron con cari\u00f1o durante una parte del camino de la vida y que ya no est\u00e1n aqu\u00ed \u2014tal como seguramente lo hicimos ayer con nuestros seres queridos que nos esperan al otro lado del futuro, as\u00ed como hoy esperan Johana Guadalupe y Joaqu\u00edn.<\/p>\n\n\n\n<p>\u201cMis parabienes para el Departamento de Derecho, para a su cuerpo de docentes e investigadoras e investigadores, a sus estudiantes y al equipo de trabajo administrativo y de servicios. Se han convertido en un modelo a seguir. Las y los felicito en este d\u00eda de sentimientos encontrados, entre la alegr\u00eda y el dolor\u201d, comparti\u00f3 con los presentes.<\/p>\n\n\n\n<p>72 a\u00f1os de cercan\u00eda con la sociedad<br>H\u00e9ctor Guillermo Campbell Araujo, jefe del Departamento de Derecho, destac\u00f3 que en estos 72 a\u00f1os junto a la historia de la Universidad de Sonora los estudiantes de Derecho han estado presentes en las distintas reformas a la estructura universitaria, en los conflictos universitarios y m\u00e1s que todo en la soluci\u00f3n, resoluci\u00f3n y avance de la instituci\u00f3n.<\/p>\n\n\n\n<p>\u201cPorque la Universidad de Sonora es de los sonorenses y el Departamento de Derecho siempre ha sido muestra del servicio a la sociedad. En estos 72 a\u00f1os de existencia de la Licenciatura en Derecho podemos decir sin falso orgullo que el departamento, la carrera de leyes y sobre todo los estudiantes han estado muy cerca de la comunidad sonorense\u201d, asegur\u00f3 el acad\u00e9mico.<\/p>\n\n\n\n<p>Record\u00f3 como con el Bufete Jur\u00eddico Gratuito fueron pioneros en la mediaci\u00f3n y destac\u00f3 la interdisciplinaridad con la que se trabaja.<\/p>\n\n\n\n<p>En el acto protocolario que marc\u00f3 el inicio de las actividades por el aniversario, estuvieron presentes Blanca Silvia Fraijo Sing, titular de la Direcci\u00f3n de Apoyo a Programas Educativos; Rafael Ram\u00edrez Villaescusa, abogado general de la Universidad de Sonora; y C\u00e9sar Octavio Tapia Fonllem, coordinador general de la Facultad Interdisciplinaria de Ciencias Sociales.<\/p>\n\n\n\n<p class=\"has-text-align-center\"><img loading=\"lazy\" decoding=\"async\" width=\"500\" height=\"750\" class=\"wp-image-24371\" style=\"width: 500px;\" src=\"https:\/\/elreporterodelacomunidad.com\/wp-content\/uploads\/2025\/11\/3-1.jpg\" alt=\"\" srcset=\"https:\/\/elreporterodelacomunidad.com\/wp-content\/uploads\/2025\/11\/3-1.jpg 1706w, https:\/\/elreporterodelacomunidad.com\/wp-content\/uploads\/2025\/11\/3-1-200x300.jpg 200w, https:\/\/elreporterodelacomunidad.com\/wp-content\/uploads\/2025\/11\/3-1-682x1024.jpg 682w, https:\/\/elreporterodelacomunidad.com\/wp-content\/uploads\/2025\/11\/3-1-768x1152.jpg 768w, https:\/\/elreporterodelacomunidad.com\/wp-content\/uploads\/2025\/11\/3-1-1024x1536.jpg 1024w, https:\/\/elreporterodelacomunidad.com\/wp-content\/uploads\/2025\/11\/3-1-1365x2048.jpg 1365w, https:\/\/elreporterodelacomunidad.com\/wp-content\/uploads\/2025\/11\/3-1-750x1125.jpg 750w, https:\/\/elreporterodelacomunidad.com\/wp-content\/uploads\/2025\/11\/3-1-1140x1711.jpg 1140w\" sizes=\"auto, (max-width: 500px) 100vw, 500px\" \/><\/p>\n","protected":false},"excerpt":{"rendered":"<p>Con una ceremonia discreta y sin elementos festivos, el Departamento de Derecho de la Universidad de Sonora marc\u00f3 este lunes 3 de noviembre el hito de su 72 aniversario. Hermosillo, Sonora a 03 de noviembre de 2025.- Al iniciar actividades, se ofreci\u00f3 un minuto de silencio en homenaje a las m\u00e1s de 20 v\u00edctimas mortales [&hellip;]<\/p>\n","protected":false},"author":2,"featured_media":24370,"comment_status":"open","ping_status":"open","sticky":false,"template":"","format":"standard","meta":{"footnotes":""},"categories":[36],"tags":[],"class_list":["post-24367","post","type-post","status-publish","format-standard","has-post-thumbnail","hentry","category-educacion"],"_links":{"self":[{"href":"https:\/\/elreporterodelacomunidad.com\/index.php\/wp-json\/wp\/v2\/posts\/24367","targetHints":{"allow":["GET"]}}],"collection":[{"href":"https:\/\/elreporterodelacomunidad.com\/index.php\/wp-json\/wp\/v2\/posts"}],"about":[{"href":"https:\/\/elreporterodelacomunidad.com\/index.php\/wp-json\/wp\/v2\/types\/post"}],"author":[{"embeddable":true,"href":"https:\/\/elreporterodelacomunidad.com\/index.php\/wp-json\/wp\/v2\/users\/2"}],"replies":[{"embeddable":true,"href":"https:\/\/elreporterodelacomunidad.com\/index.php\/wp-json\/wp\/v2\/comments?post=24367"}],"version-history":[{"count":1,"href":"https:\/\/elreporterodelacomunidad.com\/index.php\/wp-json\/wp\/v2\/posts\/24367\/revisions"}],"predecessor-version":[{"id":24372,"href":"https:\/\/elreporterodelacomunidad.com\/index.php\/wp-json\/wp\/v2\/posts\/24367\/revisions\/24372"}],"wp:featuredmedia":[{"embeddable":true,"href":"https:\/\/elreporterodelacomunidad.com\/index.php\/wp-json\/wp\/v2\/media\/24370"}],"wp:attachment":[{"href":"https:\/\/elreporterodelacomunidad.com\/index.php\/wp-json\/wp\/v2\/media?parent=24367"}],"wp:term":[{"taxonomy":"category","embeddable":true,"href":"https:\/\/elreporterodelacomunidad.com\/index.php\/wp-json\/wp\/v2\/categories?post=24367"},{"taxonomy":"post_tag","embeddable":true,"href":"https:\/\/elreporterodelacomunidad.com\/index.php\/wp-json\/wp\/v2\/tags?post=24367"}],"curies":[{"name":"wp","href":"https:\/\/api.w.org\/{rel}","templated":true}]}}