{"id":2431,"date":"2024-02-20T00:00:00","date_gmt":"2024-02-20T07:00:00","guid":{"rendered":"https:\/\/elreporterodelacomunidad.com\/index.php\/2024\/02\/20\/la-universidad-de-sonora-rindio-homenaje-postumo-a-lucarmen-galindo\/"},"modified":"2024-02-20T00:00:00","modified_gmt":"2024-02-20T07:00:00","slug":"la-universidad-de-sonora-rindio-homenaje-postumo-a-lucarmen-galindo","status":"publish","type":"post","link":"https:\/\/elreporterodelacomunidad.com\/index.php\/2024\/02\/20\/la-universidad-de-sonora-rindio-homenaje-postumo-a-lucarmen-galindo\/","title":{"rendered":"La Universidad de Sonora rindi\u00f3 homenaje p\u00f3stumo a Lucarmen Galindo"},"content":{"rendered":"<p class=\"MsoNormal\">La gran actriz y promotora cultural Lucarmen Galindo recibi\u00f3 un homenaje p\u00f3stumo por parte de la Universidad de Sonora, a trav\u00e9s del Departamento de Bellas Artes, honrando su trayectoria de m\u00e1s de 50 a\u00f1os en el teatro, la televisi\u00f3n y el cine.<\/p>\n<p class=\"MsoNormal\">La emotiva despedida tuvo lugar en el Teatro Emiliana de Zubeldia la tarde del lunes 19 de febrero, un d\u00eda despu\u00e9s de que se diera a conocer su fallecimiento.<\/p>\n<p class=\"MsoNormal\">Familiares, amigos, maestros y m\u00e1s miembros de la comunidad art\u00edstica de la regi\u00f3n se reunieron en punto de las 18:00 horas para recordar la vida y obra de una de las figuras m\u00e1s reconocidas en la historia del teatro sonorense.<\/p>\n<p class=\"MsoNormal\">Nacida en octubre de 1955, Lucarmen Galindo vivi\u00f3 sus primeros once a\u00f1os en el municipio de Bacanora y tras su arribo a la capital sonorense ingres\u00f3 a los talleres de Arte de la Universidad de Sonora en 1978.<\/p>\n<p class=\"MsoNormal\">\u201cConvertirse en una avezada profesional del teatro de nuestra entidad no la deslind\u00f3 completamente del teatro universitario\u201d, se\u00f1al\u00f3 Oscar Carrizosa, su primer maestro y director de teatro, quien destac\u00f3 adem\u00e1s el ejercicio profesional objetivo y din\u00e1mico con el que su alumna encamin\u00f3 su pasi\u00f3n por el arte y su alto esp\u00edritu de colaboraci\u00f3n.<\/p>\n<p class=\"MsoNormal\">\u201cCon frecuencia regresaba a colaborar con grupos de alumnos de los talleres universitarios, a invitaci\u00f3n de docentes en sus puestas esc\u00e9nicas, proporcion\u00e1ndoles adem\u00e1s un apoyo fraternal, un ejemplo de disciplina, solidaridad y humildad\u201d.<\/p>\n<p class=\"MsoNormal\">Sara Mar\u00eda, hija de Lucarmen, extendi\u00f3 a los presentes el ejemplo de su madre para gozar y disfrutar la vida al m\u00e1ximo.<\/p>\n<p class=\"MsoNormal\">\u201cAprendan de &#039;la Lucarmen&#039;, viajen, tengan experiencias nuevas, conozcan otras culturas y tradiciones, aventurense a probar comida diferente. Y a quienes son ajenos al arte les recomiendo que se expresen. Ella se expresaba en el escenario, con sus pinturas y los escritos que dej\u00f3\u201d.<\/p>\n<p class=\"MsoNormal\">Hacia el final del emotivo homenaje Miguel del Castillo, \u201cEl Charro de Sonora\u201d, despidi\u00f3 a su amiga a trav\u00e9s del canto, al tiempo que record\u00f3 las andanzas de ambos en peque\u00f1os escenarios, plazas de rancho y auditorios nacionales, recorriendo otros municipios de la entidad como Bacanora, M\u00e1tape, Divisaderos, Tepache y Moctezuma.<\/p>\n<p class=\"MsoNormal\">\u201cSomos los artistas de a pie, los que nos la partimos para tener un lugar en este santuario que se llama escenario y que ella lo respet\u00f3, lo am\u00f3 y lo acogi\u00f3 hasta el \u00faltimo d\u00eda de su vida\u201d.<\/p>\n","protected":false},"excerpt":{"rendered":"<p>Familia, compa\u00f1eros, amigos y maestros despidieron a la talentosa actriz y promotora cultural que forj\u00f3 una trayectoria de m\u00e1s de 50 a\u00f1os.<\/p>\n","protected":false},"author":1,"featured_media":2432,"comment_status":"open","ping_status":"open","sticky":false,"template":"","format":"standard","meta":{"footnotes":""},"categories":[41],"tags":[],"class_list":["post-2431","post","type-post","status-publish","format-standard","has-post-thumbnail","hentry","category-cultura"],"_links":{"self":[{"href":"https:\/\/elreporterodelacomunidad.com\/index.php\/wp-json\/wp\/v2\/posts\/2431","targetHints":{"allow":["GET"]}}],"collection":[{"href":"https:\/\/elreporterodelacomunidad.com\/index.php\/wp-json\/wp\/v2\/posts"}],"about":[{"href":"https:\/\/elreporterodelacomunidad.com\/index.php\/wp-json\/wp\/v2\/types\/post"}],"author":[{"embeddable":true,"href":"https:\/\/elreporterodelacomunidad.com\/index.php\/wp-json\/wp\/v2\/users\/1"}],"replies":[{"embeddable":true,"href":"https:\/\/elreporterodelacomunidad.com\/index.php\/wp-json\/wp\/v2\/comments?post=2431"}],"version-history":[{"count":0,"href":"https:\/\/elreporterodelacomunidad.com\/index.php\/wp-json\/wp\/v2\/posts\/2431\/revisions"}],"wp:featuredmedia":[{"embeddable":true,"href":"https:\/\/elreporterodelacomunidad.com\/index.php\/wp-json\/wp\/v2\/media\/2432"}],"wp:attachment":[{"href":"https:\/\/elreporterodelacomunidad.com\/index.php\/wp-json\/wp\/v2\/media?parent=2431"}],"wp:term":[{"taxonomy":"category","embeddable":true,"href":"https:\/\/elreporterodelacomunidad.com\/index.php\/wp-json\/wp\/v2\/categories?post=2431"},{"taxonomy":"post_tag","embeddable":true,"href":"https:\/\/elreporterodelacomunidad.com\/index.php\/wp-json\/wp\/v2\/tags?post=2431"}],"curies":[{"name":"wp","href":"https:\/\/api.w.org\/{rel}","templated":true}]}}