{"id":243,"date":"2024-05-12T00:00:00","date_gmt":"2024-05-12T07:00:00","guid":{"rendered":"https:\/\/elreporterodelacomunidad.com\/index.php\/2024\/05\/12\/policia-arresta-a-cuatro-hombres-por-violencia-familiar-en-menos-de-24-horas\/"},"modified":"2024-05-18T21:53:38","modified_gmt":"2024-05-19T04:53:38","slug":"policia-arresta-a-cuatro-hombres-por-violencia-familiar-en-menos-de-24-horas","status":"publish","type":"post","link":"https:\/\/elreporterodelacomunidad.com\/index.php\/2024\/05\/12\/policia-arresta-a-cuatro-hombres-por-violencia-familiar-en-menos-de-24-horas\/","title":{"rendered":"Polic\u00eda arresta a cuatro hombres por violencia familiar en menos de 24 horas"},"content":{"rendered":"<p class=\"MsoNormal\">La Polic\u00eda Municipal de Hermosillo llev\u00f3 a cabo un total de cuatro arrestos por el delito de violencia familiar, durante las \u00faltimas horas, en diferentes demarcaciones de la capital sonorense, tanto el en el \u00e1rea rural como urbana.<\/p>\n<p class=\"MsoNormal\">\n<p class=\"MsoNormal\">Tras golpear y amenazar a su ex pareja, Cristian Ram\u00f3n \u201cN\u201d de 35 a\u00f1os, fue puesto a disposici\u00f3n del Ministerio P\u00fablico correspondiente por el delito de violencia familiar, reportado en la colonia Libertad, al norte de esta capital.<\/p>\n<p class=\"MsoNormal\">Fue aproximadamente a las 13:38 horas del s\u00e1bado pasado que se report\u00f3 violencia familiar, donde llegaron preventivos para entrevistarse con la reportante, de 28 a\u00f1os de edad, quien relat\u00f3 que el individuo la persigui\u00f3 hasta su trabajo para amenazarla y agredirla, por lo que se procedi\u00f3 a detenerlo.<\/p>\n<p class=\"MsoNormal\">Alrededor de las 3:15 horas de este s\u00e1bado, fue detenido Julio C\u00e9sar \u201cN\u201d, luego de amenazar de muerte a su pareja, adem\u00e1s de jalonearla, en calles de la colonia Quintas del Sol, al sur de la capital sonorense.<\/p>\n<p class=\"MsoNormal\">La afectada, de 36 a\u00f1os de edad, report\u00f3 a su pareja, de 40 a\u00f1os, cuando se encontraban en un domicilio , donde la mujer tuvo que dar acceso para que los agentes realizaran la detenci\u00f3n del sujeto.<\/p>\n<p class=\"MsoNormal\">En el Poblado Miguel Alem\u00e1n, alrededor de las 00:30 horas de este s\u00e1bado, fue arrestado David \u201cN\u201d, de 30 a\u00f1os, por el delito de violencia familiar en contra de su esposa, de 39 a\u00f1os, a quien golpe\u00f3 en diferentes partes del cuerpo.<\/p>\n<p class=\"MsoNormal\">En Residencial Gala, al suroriente de la ciudad, se arrest\u00f3 a Juan Carlos \u201cN\u201d de 26 a\u00f1os, luego de agredir a su esposa, por lo cual fue presentado ante la autoridad investigadora correspondiente alrededor de las 00:05 horas de este s\u00e1bado.<\/p>\n<p class=\"MsoNormal\">La v\u00edctima, de 25 a\u00f1os, solicit\u00f3 la intervenci\u00f3n de polic\u00edas para arrestar al hombre, a quien se\u00f1al\u00f3 de haber instalado y arrojar fuera de la vivienda diversos objetos y utensilios dom\u00e9sticos.<\/p>\n","protected":false},"excerpt":{"rendered":"<p>Se trata de cuatro hechos diferentes de violencia familiar, tanto en Hermosillo como en el poblado Miguel Alem\u00e1n<\/p>\n","protected":false},"author":1,"featured_media":609,"comment_status":"open","ping_status":"open","sticky":false,"template":"","format":"standard","meta":{"footnotes":""},"categories":[32],"tags":[],"class_list":["post-243","post","type-post","status-publish","format-standard","has-post-thumbnail","hentry","category-policiaca"],"_links":{"self":[{"href":"https:\/\/elreporterodelacomunidad.com\/index.php\/wp-json\/wp\/v2\/posts\/243","targetHints":{"allow":["GET"]}}],"collection":[{"href":"https:\/\/elreporterodelacomunidad.com\/index.php\/wp-json\/wp\/v2\/posts"}],"about":[{"href":"https:\/\/elreporterodelacomunidad.com\/index.php\/wp-json\/wp\/v2\/types\/post"}],"author":[{"embeddable":true,"href":"https:\/\/elreporterodelacomunidad.com\/index.php\/wp-json\/wp\/v2\/users\/1"}],"replies":[{"embeddable":true,"href":"https:\/\/elreporterodelacomunidad.com\/index.php\/wp-json\/wp\/v2\/comments?post=243"}],"version-history":[{"count":1,"href":"https:\/\/elreporterodelacomunidad.com\/index.php\/wp-json\/wp\/v2\/posts\/243\/revisions"}],"predecessor-version":[{"id":608,"href":"https:\/\/elreporterodelacomunidad.com\/index.php\/wp-json\/wp\/v2\/posts\/243\/revisions\/608"}],"wp:featuredmedia":[{"embeddable":true,"href":"https:\/\/elreporterodelacomunidad.com\/index.php\/wp-json\/wp\/v2\/media\/609"}],"wp:attachment":[{"href":"https:\/\/elreporterodelacomunidad.com\/index.php\/wp-json\/wp\/v2\/media?parent=243"}],"wp:term":[{"taxonomy":"category","embeddable":true,"href":"https:\/\/elreporterodelacomunidad.com\/index.php\/wp-json\/wp\/v2\/categories?post=243"},{"taxonomy":"post_tag","embeddable":true,"href":"https:\/\/elreporterodelacomunidad.com\/index.php\/wp-json\/wp\/v2\/tags?post=243"}],"curies":[{"name":"wp","href":"https:\/\/api.w.org\/{rel}","templated":true}]}}