{"id":24261,"date":"2025-10-29T19:08:40","date_gmt":"2025-10-30T02:08:40","guid":{"rendered":"https:\/\/elreporterodelacomunidad.com\/?p=24261"},"modified":"2025-10-29T19:08:47","modified_gmt":"2025-10-30T02:08:47","slug":"unison-emite-comunicado-de-ajustes-para-ceremonias-de-graduacion-con-invitados","status":"publish","type":"post","link":"https:\/\/elreporterodelacomunidad.com\/index.php\/2025\/10\/29\/unison-emite-comunicado-de-ajustes-para-ceremonias-de-graduacion-con-invitados\/","title":{"rendered":"Unison emite comunicado de ajustes para ceremonias de graduaci\u00f3n con invitados"},"content":{"rendered":"\n<p>Lo anterior se realiza en atenci\u00f3n a las observaciones de la Direcci\u00f3n General de Inspecci\u00f3n y Vigilancia de Hermosillo.<\/p>\n\n\n\n<p>Hermosillo, Sonora a 29 de octubre de 2025.- Luego de que el d\u00eda de ayer se denunciara a trav\u00e9s de redes sociales que invitados a la ceremonia de graduaci\u00f3n de estudiantes de la Universidad de Sonora (Unison) quedar\u00e1n fuera de la misma por sobrecupo en el Auditorio C\u00edvico, la ma\u00f1ana de este mi\u00e9rcoles la m\u00e1xima casa de estudios en Hermosillo dio a conocer la noticia sobre la cancelaci\u00f3n de las invitaciones del tercer acompa\u00f1ante para las ceremonias que se llevar\u00e1n a cabo esta tarde.<\/p>\n\n\n\n<p>Y es que, desde el d\u00eda de ayer en redes sociales circulan videos de familiares molestos al no poder ingresar al recinto para celebrar el mayor logro acad\u00e9mico de los ahora egresados.<\/p>\n\n\n\n<p>A trav\u00e9s de un comunicado con fecha del 28 de octubre, la Universidad de Sonora inform\u00f3 que, en relaci\u00f3n con las ceremonias de graduaci\u00f3n llevadas a cabo este mi\u00e9rcoles en el Auditorio C\u00edvico del Estado, y con la finalidad de que estas se lleven a cabo en un ambiente seguro, se realizar\u00edan ajustes en el n\u00famero de invitados de los graduantes.<\/p>\n\n\n\n<p class=\"has-text-align-center\"><img loading=\"lazy\" decoding=\"async\" width=\"400\" height=\"392\" class=\"wp-image-24264\" style=\"width: 400px;\" src=\"https:\/\/elreporterodelacomunidad.com\/wp-content\/uploads\/2025\/10\/8-9.jpg\" alt=\"\" srcset=\"https:\/\/elreporterodelacomunidad.com\/wp-content\/uploads\/2025\/10\/8-9.jpg 243w, https:\/\/elreporterodelacomunidad.com\/wp-content\/uploads\/2025\/10\/8-9-75x75.jpg 75w\" sizes=\"auto, (max-width: 400px) 100vw, 400px\" \/><\/p>\n\n\n\n<p>La instituci\u00f3n de educaci\u00f3n superior expuso que lo anterior se realizaba en atenci\u00f3n a las observaciones de la Direcci\u00f3n General de Inspecci\u00f3n y Vigilancia de Hermosillo, se\u00f1aladas durante las ceremonias del d\u00eda martes.<\/p>\n\n\n\n<p>\u201cPor lo anterior, el n\u00famero de invitados a la ceremonia presencial se ha ajustado a 2 por graduante, quedando inhabilitado el c\u00f3digo QR denominado INVITADO(A) 3\u201d, puede leerse en el comunicado compartido por la Direcci\u00f3n Administrativa del Campus Universitario.<\/p>\n\n\n\n<p>Destac\u00f3 que esta medida no solo es un requisito oficial, sino tambi\u00e9n una prioridad para salvaguardar el bienestar de todos los asistentes.<\/p>\n\n\n\n<p>Asimismo, record\u00f3 a la comunidad universitaria que pueden invitar a su familia a seguir la ceremonia en vivo a trav\u00e9s del canal de YouTube \u201cUnison Campus Hermosillo\u201d: https:\/\/www.youtube.com\/@UnisonCampusHmo<\/p>\n\n\n\n<p>&#8220;Agradecemos tu comprensi\u00f3n y colaboraci\u00f3n en este aspecto vital. Juntos, haremos de tu graduaci\u00f3n un evento seguro, ordenado y profundamente emotivo&#8221;. (OEM).<\/p>\n","protected":false},"excerpt":{"rendered":"<p>Lo anterior se realiza en atenci\u00f3n a las observaciones de la Direcci\u00f3n General de Inspecci\u00f3n y Vigilancia de Hermosillo. Hermosillo, Sonora a 29 de octubre de 2025.- Luego de que el d\u00eda de ayer se denunciara a trav\u00e9s de redes sociales que invitados a la ceremonia de graduaci\u00f3n de estudiantes de la Universidad de Sonora [&hellip;]<\/p>\n","protected":false},"author":1,"featured_media":24263,"comment_status":"open","ping_status":"open","sticky":false,"template":"","format":"standard","meta":{"footnotes":""},"categories":[36],"tags":[],"class_list":["post-24261","post","type-post","status-publish","format-standard","has-post-thumbnail","hentry","category-educacion"],"_links":{"self":[{"href":"https:\/\/elreporterodelacomunidad.com\/index.php\/wp-json\/wp\/v2\/posts\/24261","targetHints":{"allow":["GET"]}}],"collection":[{"href":"https:\/\/elreporterodelacomunidad.com\/index.php\/wp-json\/wp\/v2\/posts"}],"about":[{"href":"https:\/\/elreporterodelacomunidad.com\/index.php\/wp-json\/wp\/v2\/types\/post"}],"author":[{"embeddable":true,"href":"https:\/\/elreporterodelacomunidad.com\/index.php\/wp-json\/wp\/v2\/users\/1"}],"replies":[{"embeddable":true,"href":"https:\/\/elreporterodelacomunidad.com\/index.php\/wp-json\/wp\/v2\/comments?post=24261"}],"version-history":[{"count":1,"href":"https:\/\/elreporterodelacomunidad.com\/index.php\/wp-json\/wp\/v2\/posts\/24261\/revisions"}],"predecessor-version":[{"id":24265,"href":"https:\/\/elreporterodelacomunidad.com\/index.php\/wp-json\/wp\/v2\/posts\/24261\/revisions\/24265"}],"wp:featuredmedia":[{"embeddable":true,"href":"https:\/\/elreporterodelacomunidad.com\/index.php\/wp-json\/wp\/v2\/media\/24263"}],"wp:attachment":[{"href":"https:\/\/elreporterodelacomunidad.com\/index.php\/wp-json\/wp\/v2\/media?parent=24261"}],"wp:term":[{"taxonomy":"category","embeddable":true,"href":"https:\/\/elreporterodelacomunidad.com\/index.php\/wp-json\/wp\/v2\/categories?post=24261"},{"taxonomy":"post_tag","embeddable":true,"href":"https:\/\/elreporterodelacomunidad.com\/index.php\/wp-json\/wp\/v2\/tags?post=24261"}],"curies":[{"name":"wp","href":"https:\/\/api.w.org\/{rel}","templated":true}]}}