{"id":24212,"date":"2025-10-29T13:33:11","date_gmt":"2025-10-29T20:33:11","guid":{"rendered":"https:\/\/elreporterodelacomunidad.com\/?p=24212"},"modified":"2025-10-29T13:33:15","modified_gmt":"2025-10-29T20:33:15","slug":"uts-participa-en-primer-congreso-nacional-de-mujeres-stem","status":"publish","type":"post","link":"https:\/\/elreporterodelacomunidad.com\/index.php\/2025\/10\/29\/uts-participa-en-primer-congreso-nacional-de-mujeres-stem\/","title":{"rendered":"UTS participa en Primer Congreso Nacional de Mujeres STEM"},"content":{"rendered":"\n<p>Chihuahua, Chihuahua; 29 de octubre de 2025.\u2013 Como parte de su compromiso por fortalecer la igualdad de g\u00e9nero y empoderar a las mujeres y ni\u00f1as, el Gobierno de Sonora, a trav\u00e9s de la Universidad Tecnol\u00f3gica de San Luis R\u00edo Colorado (Utslrc), particip\u00f3 en el Primer Congreso Nacional de Mujeres STEM en Ciencia, Tecnolog\u00eda e Innovaci\u00f3n.<\/p>\n\n\n\n<p>El evento, liderado por investigadoras y profesionistas del noroeste del pa\u00eds, reuni\u00f3 a instituciones de educaci\u00f3n superior con el prop\u00f3sito de impulsar la participaci\u00f3n femenina en el \u00e1mbito cient\u00edfico y tecnol\u00f3gico, en alineaci\u00f3n con el Objetivo de Desarrollo Sostenible cinco: Igualdad de G\u00e9nero, de la Agenda 2030 de la ONU.<\/p>\n\n\n\n<p>En representaci\u00f3n del rector de la Utslrc, Jos\u00e9 Arturo Delgado Reza, la subdirectora de la carrera de Ingenier\u00eda en Mecatr\u00f3nica, Mar\u00eda Teresa Dena Aguilar, y la responsable del Departamento de Sustentabilidad, Mariana Molina Parra, participaron en actividades relacionadas con tecnolog\u00eda, ni\u00f1as STEM, la Agenda 2030 y el desarrollo sostenible, temas vinculados con las \u00e1reas acad\u00e9micas que impulsa la instituci\u00f3n.<\/p>\n\n\n\n<p>Durante dos d\u00edas se llevaron a cabo talleres enfocados en \u00e1reas STEM y emprendimiento femenino, ponencias impartidas por mujeres l\u00edderes en el campo, y una exposici\u00f3n de carteles donde universitarias compartieron sus proyectos destacados.<\/p>\n\n\n\n<p>Las y los asistentes compartieron temas como los avances en inteligencia artificial, innovaci\u00f3n y desarrollo tecnol\u00f3gico STEM, equidad de g\u00e9nero, mujeres y liderazgo en la industria 4.0, con el objetivo de difundir la producci\u00f3n cient\u00edfica liderada por mujeres en \u00e1reas STEM.<\/p>\n\n\n\n<p>La Universidad Tecnol\u00f3gica de Chihuahua Sur fue la sede regional del evento, que congreg\u00f3 a asistentes de Sinaloa, Baja California, Sonora y Chihuahua, quienes refrendaron su compromiso con la equidad de g\u00e9nero, la innovaci\u00f3n tecnol\u00f3gica y la sostenibilidad, promoviendo la colaboraci\u00f3n acad\u00e9mica y el talento universitario en espacios nacionales de innovaci\u00f3n.<\/p>\n","protected":false},"excerpt":{"rendered":"<p>Chihuahua, Chihuahua; 29 de octubre de 2025.\u2013 Como parte de su compromiso por fortalecer la igualdad de g\u00e9nero y empoderar a las mujeres y ni\u00f1as, el Gobierno de Sonora, a trav\u00e9s de la Universidad Tecnol\u00f3gica de San Luis R\u00edo Colorado (Utslrc), particip\u00f3 en el Primer Congreso Nacional de Mujeres STEM en Ciencia, Tecnolog\u00eda e Innovaci\u00f3n. [&hellip;]<\/p>\n","protected":false},"author":1,"featured_media":24213,"comment_status":"open","ping_status":"open","sticky":false,"template":"","format":"standard","meta":{"footnotes":""},"categories":[36],"tags":[],"class_list":["post-24212","post","type-post","status-publish","format-standard","has-post-thumbnail","hentry","category-educacion"],"_links":{"self":[{"href":"https:\/\/elreporterodelacomunidad.com\/index.php\/wp-json\/wp\/v2\/posts\/24212","targetHints":{"allow":["GET"]}}],"collection":[{"href":"https:\/\/elreporterodelacomunidad.com\/index.php\/wp-json\/wp\/v2\/posts"}],"about":[{"href":"https:\/\/elreporterodelacomunidad.com\/index.php\/wp-json\/wp\/v2\/types\/post"}],"author":[{"embeddable":true,"href":"https:\/\/elreporterodelacomunidad.com\/index.php\/wp-json\/wp\/v2\/users\/1"}],"replies":[{"embeddable":true,"href":"https:\/\/elreporterodelacomunidad.com\/index.php\/wp-json\/wp\/v2\/comments?post=24212"}],"version-history":[{"count":1,"href":"https:\/\/elreporterodelacomunidad.com\/index.php\/wp-json\/wp\/v2\/posts\/24212\/revisions"}],"predecessor-version":[{"id":24214,"href":"https:\/\/elreporterodelacomunidad.com\/index.php\/wp-json\/wp\/v2\/posts\/24212\/revisions\/24214"}],"wp:featuredmedia":[{"embeddable":true,"href":"https:\/\/elreporterodelacomunidad.com\/index.php\/wp-json\/wp\/v2\/media\/24213"}],"wp:attachment":[{"href":"https:\/\/elreporterodelacomunidad.com\/index.php\/wp-json\/wp\/v2\/media?parent=24212"}],"wp:term":[{"taxonomy":"category","embeddable":true,"href":"https:\/\/elreporterodelacomunidad.com\/index.php\/wp-json\/wp\/v2\/categories?post=24212"},{"taxonomy":"post_tag","embeddable":true,"href":"https:\/\/elreporterodelacomunidad.com\/index.php\/wp-json\/wp\/v2\/tags?post=24212"}],"curies":[{"name":"wp","href":"https:\/\/api.w.org\/{rel}","templated":true}]}}