{"id":24157,"date":"2025-10-28T19:13:02","date_gmt":"2025-10-29T02:13:02","guid":{"rendered":"https:\/\/elreporterodelacomunidad.com\/?p=24157"},"modified":"2025-10-28T19:13:05","modified_gmt":"2025-10-29T02:13:05","slug":"inspira-valeria-de-la-torre-con-el-tema-resiliencia-en-fragmentos-en-el-tercer-congreso-de-la-familia","status":"publish","type":"post","link":"https:\/\/elreporterodelacomunidad.com\/index.php\/2025\/10\/28\/inspira-valeria-de-la-torre-con-el-tema-resiliencia-en-fragmentos-en-el-tercer-congreso-de-la-familia\/","title":{"rendered":"Inspira Valeria de la Torre con el tema \u201cResiliencia en fragmentos\u201d en el Tercer Congreso de la Familia"},"content":{"rendered":"\n<p>La conferencista comparti\u00f3 su historia tras un accidente que deriv\u00f3 en la amputaci\u00f3n de ambas piernas y convirti\u00f3 sus sue\u00f1os en br\u00fajula para rehacer su vida.<\/p>\n\n\n\n<p>Llam\u00f3 a las familias a elegir c\u00f3mo enfrentar la adversidad, sostenerse en su red de apoyo y encontrar alegr\u00eda en el camino, no s\u00f3lo en la meta.<\/p>\n\n\n\n<p>Hermosillo, Sonora a 28 de octubre de 2025.- Como parte del Tercer Congreso de la Familia, organizado por el Sistema DIF Hermosillo, Valeria de la Torre ofreci\u00f3 la conferencia \u201cResiliencia en fragmentos\u201d, un testimonio de fortaleza y prop\u00f3sito en el que relat\u00f3 c\u00f3mo un accidente en 2024 que cambi\u00f3 su vida y la llev\u00f3 a un proceso de recuperaci\u00f3n integral, incluida la colocaci\u00f3n de pr\u00f3tesis de alta movilidad.<\/p>\n\n\n\n<p>\u201cYo ese 8 de diciembre no eleg\u00ed perder mis piernas, pero yo ese d\u00eda s\u00ed eleg\u00ed seguir adelante, s\u00ed eleg\u00ed aferrarme a mis sue\u00f1os y s\u00ed eleg\u00ed disfrutar del proceso y s\u00ed yo quiero que algo ustedes se puedan llevar de escucharme el d\u00eda de hoy es que ustedes tienen ese mismo poder, el poder de elegir el poder de so\u00f1ar y el poder de caminar su camino con presencia y con conciencia\u201d, manifest\u00f3.<\/p>\n\n\n\n<p>Enfatiz\u00f3 que no sabemos qu\u00e9 monta\u00f1as nos va a poner la vida enfrente, pero lo que s\u00ed debemos todos de saber es que tenemos todo lo que necesitamos dentro de nosotros para lograr subirlas.<\/p>\n\n\n\n<p>Narr\u00f3 que, tras superar d\u00edas cr\u00edticos y m\u00faltiples cirug\u00edas, eligi\u00f3 \u201csubir la monta\u00f1a\u201d de su nueva realidad, apoy\u00e1ndose en su familia, amistades y personal m\u00e9dico, y en una campa\u00f1a de recaudaci\u00f3n que le permiti\u00f3 acceder a dispositivos prot\u00e9sicos para retomar una vida activa.<\/p>\n\n\n\n<p>Al dirigirse a las y los asistentes, subray\u00f3 tres lecciones centrales: elegir la respuesta ante lo incierto, porque no siempre se controla lo que sucede, pero s\u00ed la forma de enfrentarlo; hacer de los sue\u00f1os una br\u00fajula; y disfrutar el proceso, debido a que la felicidad puede hallarse en cada paso del camino, con presencia y conciencia.<\/p>\n\n\n\n<p>\u201cNo podemos controlar lo que nos pasa, pero s\u00ed c\u00f3mo lo vamos a enfrentar\u201d, expres\u00f3 De la Torre, al invitar a identificar aquello que a cada persona \u201cla hace sentir viva\u201d y a sostenerse en su comunidad cercana.<\/p>\n\n\n\n<p class=\"has-text-align-center\"><img loading=\"lazy\" decoding=\"async\" width=\"500\" height=\"333\" class=\"wp-image-24159\" style=\"width: 500px;\" src=\"https:\/\/elreporterodelacomunidad.com\/wp-content\/uploads\/2025\/10\/cc-scaled.jpg\" alt=\"\" srcset=\"https:\/\/elreporterodelacomunidad.com\/wp-content\/uploads\/2025\/10\/cc-scaled.jpg 2560w, https:\/\/elreporterodelacomunidad.com\/wp-content\/uploads\/2025\/10\/cc-300x200.jpg 300w, https:\/\/elreporterodelacomunidad.com\/wp-content\/uploads\/2025\/10\/cc-1024x683.jpg 1024w, https:\/\/elreporterodelacomunidad.com\/wp-content\/uploads\/2025\/10\/cc-768x512.jpg 768w, https:\/\/elreporterodelacomunidad.com\/wp-content\/uploads\/2025\/10\/cc-1536x1024.jpg 1536w, https:\/\/elreporterodelacomunidad.com\/wp-content\/uploads\/2025\/10\/cc-2048x1365.jpg 2048w, https:\/\/elreporterodelacomunidad.com\/wp-content\/uploads\/2025\/10\/cc-750x500.jpg 750w, https:\/\/elreporterodelacomunidad.com\/wp-content\/uploads\/2025\/10\/cc-1140x760.jpg 1140w\" sizes=\"auto, (max-width: 500px) 100vw, 500px\" \/><\/p>\n","protected":false},"excerpt":{"rendered":"<p>La conferencista comparti\u00f3 su historia tras un accidente que deriv\u00f3 en la amputaci\u00f3n de ambas piernas y convirti\u00f3 sus sue\u00f1os en br\u00fajula para rehacer su vida. Llam\u00f3 a las familias a elegir c\u00f3mo enfrentar la adversidad, sostenerse en su red de apoyo y encontrar alegr\u00eda en el camino, no s\u00f3lo en la meta. Hermosillo, Sonora [&hellip;]<\/p>\n","protected":false},"author":2,"featured_media":24158,"comment_status":"open","ping_status":"open","sticky":false,"template":"","format":"standard","meta":{"footnotes":""},"categories":[36],"tags":[],"class_list":["post-24157","post","type-post","status-publish","format-standard","has-post-thumbnail","hentry","category-educacion"],"_links":{"self":[{"href":"https:\/\/elreporterodelacomunidad.com\/index.php\/wp-json\/wp\/v2\/posts\/24157","targetHints":{"allow":["GET"]}}],"collection":[{"href":"https:\/\/elreporterodelacomunidad.com\/index.php\/wp-json\/wp\/v2\/posts"}],"about":[{"href":"https:\/\/elreporterodelacomunidad.com\/index.php\/wp-json\/wp\/v2\/types\/post"}],"author":[{"embeddable":true,"href":"https:\/\/elreporterodelacomunidad.com\/index.php\/wp-json\/wp\/v2\/users\/2"}],"replies":[{"embeddable":true,"href":"https:\/\/elreporterodelacomunidad.com\/index.php\/wp-json\/wp\/v2\/comments?post=24157"}],"version-history":[{"count":1,"href":"https:\/\/elreporterodelacomunidad.com\/index.php\/wp-json\/wp\/v2\/posts\/24157\/revisions"}],"predecessor-version":[{"id":24160,"href":"https:\/\/elreporterodelacomunidad.com\/index.php\/wp-json\/wp\/v2\/posts\/24157\/revisions\/24160"}],"wp:featuredmedia":[{"embeddable":true,"href":"https:\/\/elreporterodelacomunidad.com\/index.php\/wp-json\/wp\/v2\/media\/24158"}],"wp:attachment":[{"href":"https:\/\/elreporterodelacomunidad.com\/index.php\/wp-json\/wp\/v2\/media?parent=24157"}],"wp:term":[{"taxonomy":"category","embeddable":true,"href":"https:\/\/elreporterodelacomunidad.com\/index.php\/wp-json\/wp\/v2\/categories?post=24157"},{"taxonomy":"post_tag","embeddable":true,"href":"https:\/\/elreporterodelacomunidad.com\/index.php\/wp-json\/wp\/v2\/tags?post=24157"}],"curies":[{"name":"wp","href":"https:\/\/api.w.org\/{rel}","templated":true}]}}