{"id":24134,"date":"2025-10-27T20:13:27","date_gmt":"2025-10-28T03:13:27","guid":{"rendered":"https:\/\/elreporterodelacomunidad.com\/?p=24134"},"modified":"2025-10-27T20:13:36","modified_gmt":"2025-10-28T03:13:36","slug":"en-el-congreso-de-sonora-deporte-si-o-campanas-ya","status":"publish","type":"post","link":"https:\/\/elreporterodelacomunidad.com\/index.php\/2025\/10\/27\/en-el-congreso-de-sonora-deporte-si-o-campanas-ya\/","title":{"rendered":"En el Congreso de Sonora: \u201c\u00bfDeporte s\u00ed\u2026 o campa\u00f1as ya?\u201d"},"content":{"rendered":"\n<p>El reciente anuncio del torneo llamado Primera Gran Copa de la Transformaci\u00f3n \u2014promovido por las y los diputados del Congreso de Sonora\u2014 suena, a primera vista, como una buena iniciativa: deporte gratuito, atenci\u00f3n a ni\u00f1as, ni\u00f1os y j\u00f3venes en Hermosillo, fomentando h\u00e1bitos de vida saludables.<\/p>\n\n\n\n<p>Sin embargo, al ponerlo frente al marco de lo que verdaderamente debe hacer un legislador local, surgen m\u00e1s de una duda e interrogante: \u00bfes esta actividad prioritaria para la funci\u00f3n parlamentaria o ya adelantaron las campa\u00f1as?<\/p>\n\n\n\n<p>En la Constituci\u00f3n del Estado de Sonora se establece que el Poder Legislativo estatal se deposita en el Congreso, \u201cencargado de elaborar las leyes que se aplican en toda la entidad\u201d. Asimismo, el art\u00edculo 31 dice que dicho \u00f3rgano estar\u00e1 integrado por 21 diputados propietarios por mayor\u00eda relativa y hasta 12 por representaci\u00f3n proporcional. En otras palabras, los legisladores locales tienen por tarea principal legislar, fiscalizar, representar al pueblo y proponer pol\u00edticas p\u00fablicas.<\/p>\n\n\n\n<p>Por ello llama la atenci\u00f3n que se concentren m\u00e1s en organizar un torneo deportivo que en, por ejemplo, proponer reformas legislativas sustantivas, fiscalizar al Ejecutivo o atender otras emergencias del estado. S\u00ed, el deporte es importante \u2014y m\u00e1s a\u00fan en un contexto de vulnerabilidad juvenil y donde la salud mental es un tema creciente\u2014 pero \u00bfcorresponde a la funci\u00f3n de un legislador \u201corganizar\u201d torneos con premios de 24 mil pesos para el primer lugar y 12 mil para el segundo?<\/p>\n\n\n\n<p>Cuando una actividad de este tipo se convierte en la imagen p\u00fablica de un legislador, cabe preguntarse:<\/p>\n\n\n\n<ul class=\"wp-block-list\">\n<li>\u00bfSe est\u00e1 privilegiando la \u201cvisibilidad\u201d del diputado sobre su papel de legislar o fiscalizar?<\/li>\n\n\n\n<li>\u00bfEste tipo de evento corresponde a tareas del Ejecutivo o del gobierno municipal, m\u00e1s que del Congreso estatal?<\/li>\n\n\n\n<li>\u00bfO acaso estamos viendo un adelanto encubierto de campa\u00f1a, aprovechando los recursos p\u00fablicos, los \u201ctorneos gratuitos\u201d y los premios para generar simpat\u00edas?<\/li>\n<\/ul>\n\n\n\n<p>Adem\u00e1s, en Sonora el Congreso local ya tiene varias iniciativas serias en materia deportiva: por ejemplo, recientemente se turnaron reformas en la Ley de Inclusi\u00f3n de Personas con Discapacidad y para fomentar el deporte. Entonces, si los diputados est\u00e1n tan preocupados por el deporte, \u00bfno ser\u00eda m\u00e1s congruente impulsar esos cambios normativos, destinando recursos a la infraestructura deportiva, garantizando acceso igualitario, m\u00e1s que organizar \u201ccupos\u201d o torneos con dinero para premios?<\/p>\n\n\n\n<p>Por otro lado, este tipo de torneo \u201cinterdistrital\u201d que promueve los seis distritos de Hermosillo \u2014ojo, Hermosillo, no todo el estado\u2014 corre el riesgo de quedar como una iniciativa medi\u00e1tica de corto plazo y no como pol\u00edtica p\u00fablica sostenible. Seg\u00fan la convocatoria ser\u00e1 por f\u00fatbol de sal\u00f3n y voleibol, con categor\u00edas de 9 a 16 a\u00f1os, y con uniformes y premios para los ganadores. Pero la pregunta es: \u00bfqu\u00e9 pasa despu\u00e9s del torneo? \u00bfHabr\u00e1 seguimiento, infraestructura, programas permanentes? \u00bfO s\u00f3lo queda \u201cla foto\u201d del diputado con los j\u00f3venes y los trofeos?<\/p>\n\n\n\n<p>Tambi\u00e9n es v\u00e1lido reflexionar sobre la elecci\u00f3n del nombre: \u201cCopa de la Transformaci\u00f3n\u201d. \u00bfTransformaci\u00f3n de qu\u00e9? \u00bfDel deporte, de la juventud, de la pol\u00edtica? \u00bfO simplemente un gui\u00f1o simb\u00f3lico al discurso dominante de \u201cla Cuarta Transformaci\u00f3n\u201d? Porque cuando un torneo local se sube a ese t\u00e9rmino, se hace m\u00e1s f\u00e1cil medirlo como un acto propagand\u00edstico que como una genuina pol\u00edtica p\u00fablica.<\/p>\n\n\n\n<p>Finalmente, se confirma lo que muchos temen: que los diputados locales, que deben dedicarse a legislar, fiscalizar y representar, tambi\u00e9n est\u00e1n empleando recursos, presencia y actividades para su posicionamiento pol\u00edtico. Y no lo digo por descartar lo deportivo, sino porque ese posicionamiento se presenta ante un mandato constitucional que fija tareas m\u00e1s urgentes. En el estado de Sonora, donde a\u00fan hay rezago educativo, de salud, de agua potable, de infraestructura rural, la pregunta es: \u00bfd\u00f3nde est\u00e1n los diputados trabajando en esas materias?<\/p>\n\n\n\n<p>Con todo, la iniciativa no debe descartarse por completo: si est\u00e1 bien dise\u00f1ada, con seguimiento, rendici\u00f3n de cuentas, cobertura estatal y no s\u00f3lo medi\u00e1tica, puede ser un buen complemento. Pero los ciudadanos deben exigir que al mismo tiempo legislen, supervisen y gobiernen con seriedad. Porque no basta con \u201chacer deporte\u201d, hay que hacer bien la pol\u00edtica.<\/p>\n\n\n\n<p><strong>Por hoy es todo, s\u00edgueme en:<\/strong><\/p>\n\n\n\n<p><strong>www.elreporterodelacomunidad.com<\/strong><\/p>\n\n\n\n<p>Twitter: @elreporteroson y @NPDeportes1<\/p>\n\n\n\n<p>Facebook: El Reportero de la Comunidad y Columna Nada Personal<\/p>\n\n\n\n<p>IG: elreporterodelcomunidad<\/p>\n\n\n\n<p>Tiktok: elreporterodelacomunidad<\/p>\n\n\n\n<p>Whatsapp: 6622217136<\/p>\n","protected":false},"excerpt":{"rendered":"<p>El reciente anuncio del torneo llamado Primera Gran Copa de la Transformaci\u00f3n \u2014promovido por las y los diputados del Congreso de Sonora\u2014 suena, a primera vista, como una buena iniciativa: deporte gratuito, atenci\u00f3n a ni\u00f1as, ni\u00f1os y j\u00f3venes en Hermosillo, fomentando h\u00e1bitos de vida saludables. Sin embargo, al ponerlo frente al marco de lo que [&hellip;]<\/p>\n","protected":false},"author":1,"featured_media":24135,"comment_status":"open","ping_status":"open","sticky":false,"template":"","format":"standard","meta":{"footnotes":""},"categories":[47,33,53,51,34,50,48,54,39,26,29,27,45],"tags":[],"class_list":["post-24134","post","type-post","status-publish","format-standard","has-post-thumbnail","hentry","category-columnas","category-deportes","category-editorial","category-elreporterodelacomunidad","category-general","category-nadapersonal","category-noticiasdestacadas","category-picandocresta","category-politica","category-principal","category-principalsecundaria","category-ultimahora","category-ultimasnoticias"],"_links":{"self":[{"href":"https:\/\/elreporterodelacomunidad.com\/index.php\/wp-json\/wp\/v2\/posts\/24134","targetHints":{"allow":["GET"]}}],"collection":[{"href":"https:\/\/elreporterodelacomunidad.com\/index.php\/wp-json\/wp\/v2\/posts"}],"about":[{"href":"https:\/\/elreporterodelacomunidad.com\/index.php\/wp-json\/wp\/v2\/types\/post"}],"author":[{"embeddable":true,"href":"https:\/\/elreporterodelacomunidad.com\/index.php\/wp-json\/wp\/v2\/users\/1"}],"replies":[{"embeddable":true,"href":"https:\/\/elreporterodelacomunidad.com\/index.php\/wp-json\/wp\/v2\/comments?post=24134"}],"version-history":[{"count":1,"href":"https:\/\/elreporterodelacomunidad.com\/index.php\/wp-json\/wp\/v2\/posts\/24134\/revisions"}],"predecessor-version":[{"id":24136,"href":"https:\/\/elreporterodelacomunidad.com\/index.php\/wp-json\/wp\/v2\/posts\/24134\/revisions\/24136"}],"wp:featuredmedia":[{"embeddable":true,"href":"https:\/\/elreporterodelacomunidad.com\/index.php\/wp-json\/wp\/v2\/media\/24135"}],"wp:attachment":[{"href":"https:\/\/elreporterodelacomunidad.com\/index.php\/wp-json\/wp\/v2\/media?parent=24134"}],"wp:term":[{"taxonomy":"category","embeddable":true,"href":"https:\/\/elreporterodelacomunidad.com\/index.php\/wp-json\/wp\/v2\/categories?post=24134"},{"taxonomy":"post_tag","embeddable":true,"href":"https:\/\/elreporterodelacomunidad.com\/index.php\/wp-json\/wp\/v2\/tags?post=24134"}],"curies":[{"name":"wp","href":"https:\/\/api.w.org\/{rel}","templated":true}]}}