{"id":24038,"date":"2025-10-23T19:29:17","date_gmt":"2025-10-24T02:29:17","guid":{"rendered":"https:\/\/elreporterodelacomunidad.com\/?p=24038"},"modified":"2025-10-23T19:29:23","modified_gmt":"2025-10-24T02:29:23","slug":"hablara-oso-trava-de-sus-experiencias-y-vision-en-el-tercer-congreso-de-familia","status":"publish","type":"post","link":"https:\/\/elreporterodelacomunidad.com\/index.php\/2025\/10\/23\/hablara-oso-trava-de-sus-experiencias-y-vision-en-el-tercer-congreso-de-familia\/","title":{"rendered":"Hablar\u00e1 Oso Trava de sus experiencias y visi\u00f3n en el Tercer Congreso de Familia"},"content":{"rendered":"\n<p>El emprendedor e inversionista participante en el reto Shark Tank M\u00e9xico ser\u00e1 uno de los conferencistas de este evento organizado por DIF Hermosillo.<\/p>\n\n\n\n<p>Hermosillo, Sonora; 23 de octubre de 2025. &#8211; Como parte de las actividades del Tercer Congreso de Familia, el equipo de trabajo que dirige Patricia Ruibal Zaragoza en DIF Hermosillo prepara una gran variedad de experiencias positivas para las y los asistentes al evento a celebrarse el pr\u00f3ximo 28 de octubre en el centro social Villa Toscana.<\/p>\n\n\n\n<p>El Congreso de Familia responde al prop\u00f3sito institucional de fortalecer, acompa\u00f1ar y cuidar a las familias hermosillenses, en este caso con una invitaci\u00f3n abierta a j\u00f3venes, madres y padres de familia, docentes, psic\u00f3logos y p\u00fablico en general.<\/p>\n\n\n\n<p>Uno de los conferencistas invitados a este congreso ser\u00e1 Oso Trava, quien compartir\u00e1 con las y los asistentes las t\u00e9cnicas, estrategias, pr\u00e1cticas y visi\u00f3n a la que denomina \u201cT\u00e1cticas de Crack\u201d. Su concepto ubica el \u00e9xito no como expresi\u00f3n de ganancia econ\u00f3mica sino de crecimiento personal y sentido de prop\u00f3sito. Su presentaci\u00f3n est\u00e1 programada por la tarde, de las 17:15 a las 18:30 horas.<\/p>\n\n\n\n<p>Oso trava es una figura destacada en el ecosistema emprendedor de habla hispana, cuya propuesta como conferencista incluye estrategias, consejos y la mentalidad a desarrollar para consolidarse, tanto en la vida como en el trabajo. Se le define como un apasionado por las nuevas tecnolog\u00edas, los modelos de negocio innovadores y el impacto escalable.<\/p>\n\n\n\n<p>Al incorporarlo al programa del evento DIF Hermosillo busca beneficiar a las personas asistentes con una propuesta que suma nuevos h\u00e1bitos y esquemas de pensamiento al objetivo de ser m\u00e1s consciente y productivo, con inteligencia emocional, salud integral y herramientas para enfrentar la vida con mayor rigor, disciplina y entusiasmo.<\/p>\n\n\n\n<p class=\"has-text-align-center\"><img loading=\"lazy\" decoding=\"async\" width=\"500\" height=\"750\" class=\"wp-image-24040\" style=\"width: 500px;\" src=\"https:\/\/elreporterodelacomunidad.com\/wp-content\/uploads\/2025\/10\/9-7.jpg\" alt=\"\" srcset=\"https:\/\/elreporterodelacomunidad.com\/wp-content\/uploads\/2025\/10\/9-7.jpg 1066w, https:\/\/elreporterodelacomunidad.com\/wp-content\/uploads\/2025\/10\/9-7-200x300.jpg 200w, https:\/\/elreporterodelacomunidad.com\/wp-content\/uploads\/2025\/10\/9-7-682x1024.jpg 682w, https:\/\/elreporterodelacomunidad.com\/wp-content\/uploads\/2025\/10\/9-7-768x1153.jpg 768w, https:\/\/elreporterodelacomunidad.com\/wp-content\/uploads\/2025\/10\/9-7-1023x1536.jpg 1023w, https:\/\/elreporterodelacomunidad.com\/wp-content\/uploads\/2025\/10\/9-7-750x1126.jpg 750w\" sizes=\"auto, (max-width: 500px) 100vw, 500px\" \/><\/p>\n","protected":false},"excerpt":{"rendered":"<p>El emprendedor e inversionista participante en el reto Shark Tank M\u00e9xico ser\u00e1 uno de los conferencistas de este evento organizado por DIF Hermosillo. Hermosillo, Sonora; 23 de octubre de 2025. &#8211; Como parte de las actividades del Tercer Congreso de Familia, el equipo de trabajo que dirige Patricia Ruibal Zaragoza en DIF Hermosillo prepara una [&hellip;]<\/p>\n","protected":false},"author":2,"featured_media":24039,"comment_status":"open","ping_status":"open","sticky":false,"template":"","format":"standard","meta":{"footnotes":""},"categories":[36],"tags":[],"class_list":["post-24038","post","type-post","status-publish","format-standard","has-post-thumbnail","hentry","category-educacion"],"_links":{"self":[{"href":"https:\/\/elreporterodelacomunidad.com\/index.php\/wp-json\/wp\/v2\/posts\/24038","targetHints":{"allow":["GET"]}}],"collection":[{"href":"https:\/\/elreporterodelacomunidad.com\/index.php\/wp-json\/wp\/v2\/posts"}],"about":[{"href":"https:\/\/elreporterodelacomunidad.com\/index.php\/wp-json\/wp\/v2\/types\/post"}],"author":[{"embeddable":true,"href":"https:\/\/elreporterodelacomunidad.com\/index.php\/wp-json\/wp\/v2\/users\/2"}],"replies":[{"embeddable":true,"href":"https:\/\/elreporterodelacomunidad.com\/index.php\/wp-json\/wp\/v2\/comments?post=24038"}],"version-history":[{"count":1,"href":"https:\/\/elreporterodelacomunidad.com\/index.php\/wp-json\/wp\/v2\/posts\/24038\/revisions"}],"predecessor-version":[{"id":24041,"href":"https:\/\/elreporterodelacomunidad.com\/index.php\/wp-json\/wp\/v2\/posts\/24038\/revisions\/24041"}],"wp:featuredmedia":[{"embeddable":true,"href":"https:\/\/elreporterodelacomunidad.com\/index.php\/wp-json\/wp\/v2\/media\/24039"}],"wp:attachment":[{"href":"https:\/\/elreporterodelacomunidad.com\/index.php\/wp-json\/wp\/v2\/media?parent=24038"}],"wp:term":[{"taxonomy":"category","embeddable":true,"href":"https:\/\/elreporterodelacomunidad.com\/index.php\/wp-json\/wp\/v2\/categories?post=24038"},{"taxonomy":"post_tag","embeddable":true,"href":"https:\/\/elreporterodelacomunidad.com\/index.php\/wp-json\/wp\/v2\/tags?post=24038"}],"curies":[{"name":"wp","href":"https:\/\/api.w.org\/{rel}","templated":true}]}}