{"id":240,"date":"2024-05-13T00:00:00","date_gmt":"2024-05-13T07:00:00","guid":{"rendered":"https:\/\/elreporterodelacomunidad.com\/index.php\/2024\/05\/13\/gana-tono-astiazaran-debate-con-propuestas-y-trabajo-hecho\/"},"modified":"2024-05-18T21:53:33","modified_gmt":"2024-05-19T04:53:33","slug":"gana-tono-astiazaran-debate-con-propuestas-y-trabajo-hecho","status":"publish","type":"post","link":"https:\/\/elreporterodelacomunidad.com\/index.php\/2024\/05\/13\/gana-tono-astiazaran-debate-con-propuestas-y-trabajo-hecho\/","title":{"rendered":"<b id=\"geom_inter_1715614537343_26_4\">Gana To\u00f1o Astiazar\u00e1n debate con propuestas y trabajo hecho<\/b><b>&nbsp;<\/b>"},"content":{"rendered":"<p class=\"x_MsoNormal\" id=\"geom_inter_1715614537343_46_9\" style=\"color: rgb(36, 36, 36); background-color: rgb(255, 255, 255); margin: 0cm; font-size: 12pt; font-family: Calibri, sans-serif;\">El 2 de junio pr\u00f3ximo los hermosillenses decidir\u00e1n con su voto entre dos caminos se\u00f1al\u00f3 Antonio \u201cTo\u00f1o\u201d Astiazar\u00e1n, uno es avanzar en la ruta de cambios iniciada hace 30 meses o retroceder a un pasado de estancamiento y divisi\u00f3n que nadie quiere.<\/p>\n<p class=\"x_MsoNormal\" aria-hidden=\"true\" id=\"geom_inter_1715614574292_77_31\" style=\"color: rgb(36, 36, 36); background-color: rgb(255, 255, 255); margin: 0cm; font-size: 12pt; font-family: Calibri, sans-serif;\">&nbsp;<\/p>\n<p class=\"x_MsoNormal\" id=\"geom_inter_1715614537343_87_7\" style=\"color: rgb(36, 36, 36); background-color: rgb(255, 255, 255); margin: 0cm; font-size: 12pt; font-family: Calibri, sans-serif;\">Luego de su mensaje en el debate de candidatos a presidente Municipal de Hermosillo, To\u00f1o Astiazar\u00e1n fue recibido por una multitud proveniente de varios puntos del municipio, quienes celebraron el triunfo de sus propuestas y el mensaje de innovaci\u00f3n y modernizaci\u00f3n de Hermosillo, con un crecimiento parejo y para todas y todos.<\/p>\n<p class=\"x_MsoNormal\" aria-hidden=\"true\" style=\"color: rgb(36, 36, 36); background-color: rgb(255, 255, 255); margin: 0cm; font-size: 12pt; font-family: Calibri, sans-serif;\">&nbsp;<\/p>\n<p class=\"x_MsoNormal\" id=\"geom_inter_1715614574293_74_32\" style=\"color: rgb(36, 36, 36); background-color: rgb(255, 255, 255); margin: 0cm; font-size: 12pt; font-family: Calibri, sans-serif;\">Ah\u00ed, To\u00f1o Astiazar\u00e1n, candidato a presidente municipal de Hermosillo por un segundo per\u00edodo, record\u00f3 que se avanz\u00f3 con nuevas soluciones a viejos problemas, tanto en seguridad p\u00fablica, como recuperaci\u00f3n de espacios p\u00fablicos como parques e instalaciones deportivas, adem\u00e1s de mejores oportunidades para las familias de la zona urbana y rural, as\u00ed como para mujeres, j\u00f3venes y personas de la tercera edad, principalmente.<\/p>\n<p class=\"x_MsoNormal\" aria-hidden=\"true\" id=\"geom_inter_1715614574293_51_33\" style=\"color: rgb(36, 36, 36); background-color: rgb(255, 255, 255); margin: 0cm; font-size: 12pt; font-family: Calibri, sans-serif;\">&nbsp;<\/p>\n<p class=\"x_MsoNormal\" id=\"geom_inter_1715614574293_71_34\" style=\"color: rgb(36, 36, 36); background-color: rgb(255, 255, 255); margin: 0cm; font-size: 12pt; font-family: Calibri, sans-serif;\">Anunci\u00f3 que ante el \u00e9xito del programa Camina Segura, que ha permitido reducir en 90 por ciento los llamados de emergencia por donde transitan las mujeres, se sumar\u00e1n 45 corredores a los 65 ya instalados.<\/p>\n<p class=\"x_MsoNormal\" aria-hidden=\"true\" style=\"color: rgb(36, 36, 36); background-color: rgb(255, 255, 255); margin: 0cm; font-size: 12pt; font-family: Calibri, sans-serif;\">&nbsp;<\/p>\n<p class=\"x_MsoNormal\" id=\"geom_inter_1715614574293_92_35\" style=\"color: rgb(36, 36, 36); background-color: rgb(255, 255, 255); margin: 0cm; font-size: 12pt; font-family: Calibri, sans-serif;\">En este encuentro, To\u00f1o Astiazar\u00e1n refrend\u00f3 su propuesta de implementar un sistema de transporte como el To\u00f1o Bus, que es una unidad el\u00e9ctrica que podr\u00eda cubrir una ruta estrat\u00e9gica en ayuda a estudiantes de nivel superior que tardan mucho tiempo en llegar a su destino.<\/p>\n<p class=\"x_MsoNormal\" aria-hidden=\"true\" id=\"geom_inter_1715614574293_70_36\" style=\"color: rgb(36, 36, 36); background-color: rgb(255, 255, 255); margin: 0cm; font-size: 12pt; font-family: Calibri, sans-serif;\">&nbsp;<\/p>\n<p class=\"x_MsoNormal\" id=\"geom_inter_1715614575283_68_37\" style=\"color: rgb(36, 36, 36); background-color: rgb(255, 255, 255); margin: 0cm; font-size: 12pt; font-family: Calibri, sans-serif;\">El candidato a presidente municipal por un segundo per\u00edodo por la coalici\u00f3n Fuerza y Coraz\u00f3n por Sonora, To\u00f1o Astiazar\u00e1n, enumer\u00f3 avances en distintos rubros y a la vez el c\u00f3mo se pueden profundizar los cambios iniciados en septiembre de 2021.<\/p>\n<p class=\"x_MsoNormal\" aria-hidden=\"true\" style=\"color: rgb(36, 36, 36); background-color: rgb(255, 255, 255); margin: 0cm; font-size: 12pt; font-family: Calibri, sans-serif;\">&nbsp;<\/p>\n<p class=\"x_MsoNormal\" id=\"geom_inter_1715614575283_81_38\" style=\"color: rgb(36, 36, 36); background-color: rgb(255, 255, 255); margin: 0cm; font-size: 12pt; font-family: Calibri, sans-serif;\">Se refiri\u00f3 a llegar a 300 patrullas el\u00e9ctricas, sustituyendo 80 unidades de combusti\u00f3n interna, para disminuir a\u00fan m\u00e1s el tiempo de respuesta a llamados de emergencia, el cual pas\u00f3 ya de 40 a 10 minutos, pero todav\u00eda podr\u00eda llegar a los 5 minutos en los siguientes meses.<\/p>\n<p class=\"x_MsoNormal\" aria-hidden=\"true\" style=\"color: rgb(36, 36, 36); background-color: rgb(255, 255, 255); margin: 0cm; font-size: 12pt; font-family: Calibri, sans-serif;\">&nbsp;<\/p>\n<p class=\"x_MsoNormal\" id=\"geom_inter_1715614575283_82_39\" style=\"color: rgb(36, 36, 36); background-color: rgb(255, 255, 255); margin: 0cm; font-size: 12pt; font-family: Calibri, sans-serif;\">Adem\u00e1s de las acciones complementarias a la seguridad p\u00fablica, como es la capacitaci\u00f3n, incorporaci\u00f3n de m\u00e1s tecnolog\u00eda y c\u00e1maras de videovigilancia, To\u00f1o Astiazar\u00e1n subray\u00f3 la importancia de defender lo alcanzado y no retroceder al pasado.<\/p>\n<p class=\"x_MsoNormal\" aria-hidden=\"true\" style=\"color: rgb(36, 36, 36); background-color: rgb(255, 255, 255); margin: 0cm; font-size: 12pt; font-family: Calibri, sans-serif;\">&nbsp;<\/p>\n<p class=\"x_MsoNormal\" id=\"geom_inter_1715614575284_30_40\" style=\"color: rgb(36, 36, 36); background-color: rgb(255, 255, 255); margin: 0cm; font-size: 12pt; font-family: Calibri, sans-serif;\">Se comprometi\u00f3 adem\u00e1s con el programa Con To\u00f1o Toca Doble, para sumar apoyos municipales a los que ya reciben muchos habitantes por parte del gobierno municipal, as\u00ed como crear un fondo que ayude a deportistas en su preparaci\u00f3n y competencias fuera de Hermosillo, as\u00ed como construir dos unidades similares a el complejo deportivo El C\u00e1rcamo, uno en el sur y otro en el norte de la ciudad.<\/p>\n","protected":false},"excerpt":{"rendered":"<p>Llama a votar por el mejor Hermosillo de la historia<\/p>\n","protected":false},"author":1,"featured_media":603,"comment_status":"open","ping_status":"open","sticky":false,"template":"","format":"standard","meta":{"footnotes":""},"categories":[29],"tags":[],"class_list":["post-240","post","type-post","status-publish","format-standard","has-post-thumbnail","hentry","category-principalsecundaria"],"_links":{"self":[{"href":"https:\/\/elreporterodelacomunidad.com\/index.php\/wp-json\/wp\/v2\/posts\/240","targetHints":{"allow":["GET"]}}],"collection":[{"href":"https:\/\/elreporterodelacomunidad.com\/index.php\/wp-json\/wp\/v2\/posts"}],"about":[{"href":"https:\/\/elreporterodelacomunidad.com\/index.php\/wp-json\/wp\/v2\/types\/post"}],"author":[{"embeddable":true,"href":"https:\/\/elreporterodelacomunidad.com\/index.php\/wp-json\/wp\/v2\/users\/1"}],"replies":[{"embeddable":true,"href":"https:\/\/elreporterodelacomunidad.com\/index.php\/wp-json\/wp\/v2\/comments?post=240"}],"version-history":[{"count":1,"href":"https:\/\/elreporterodelacomunidad.com\/index.php\/wp-json\/wp\/v2\/posts\/240\/revisions"}],"predecessor-version":[{"id":602,"href":"https:\/\/elreporterodelacomunidad.com\/index.php\/wp-json\/wp\/v2\/posts\/240\/revisions\/602"}],"wp:featuredmedia":[{"embeddable":true,"href":"https:\/\/elreporterodelacomunidad.com\/index.php\/wp-json\/wp\/v2\/media\/603"}],"wp:attachment":[{"href":"https:\/\/elreporterodelacomunidad.com\/index.php\/wp-json\/wp\/v2\/media?parent=240"}],"wp:term":[{"taxonomy":"category","embeddable":true,"href":"https:\/\/elreporterodelacomunidad.com\/index.php\/wp-json\/wp\/v2\/categories?post=240"},{"taxonomy":"post_tag","embeddable":true,"href":"https:\/\/elreporterodelacomunidad.com\/index.php\/wp-json\/wp\/v2\/tags?post=240"}],"curies":[{"name":"wp","href":"https:\/\/api.w.org\/{rel}","templated":true}]}}