{"id":23984,"date":"2025-10-22T14:41:09","date_gmt":"2025-10-22T21:41:09","guid":{"rendered":"https:\/\/elreporterodelacomunidad.com\/?p=23984"},"modified":"2025-10-22T14:41:14","modified_gmt":"2025-10-22T21:41:14","slug":"gobierno-de-sonora-publica-reglamento-escolar-en-el-boletin-oficial-sec","status":"publish","type":"post","link":"https:\/\/elreporterodelacomunidad.com\/index.php\/2025\/10\/22\/gobierno-de-sonora-publica-reglamento-escolar-en-el-boletin-oficial-sec\/","title":{"rendered":"Gobierno de Sonora publica Reglamento Escolar en el Bolet\u00edn Oficial: SEC"},"content":{"rendered":"\n<p>Hermosillo, Sonora; 22 de octubre de 2025.- Como parte del esfuerzo del Gobierno de Sonora para consolidar un sistema educativo con enfoque integral e inclusivo, que garantice el bienestar y desarrollo de ni\u00f1as, ni\u00f1os y j\u00f3venes, se public\u00f3 en el Bolet\u00edn Oficial el Reglamento Escolar para el Funcionamiento de las Escuelas de Educaci\u00f3n B\u00e1sica del Estado de Sonora.<\/p>\n\n\n\n<p>Dicho documento forma parte de la iniciativa de adecuar los acuerdos y lineamientos que rigen a la Secretar\u00eda de Educaci\u00f3n y Cultura (SEC), con el prop\u00f3sito de normar la operaci\u00f3n y funcionamiento de los centros escolares y la comunidad educativa de la entidad.<\/p>\n\n\n\n<p>El reglamento promueve la creaci\u00f3n de espacios seguros, con valores, participativos, de convivencia arm\u00f3nica, inclusi\u00f3n, respeto a la diversidad y a los derechos humanos, as\u00ed como medidas para mitigar la deserci\u00f3n y el abandono escolar para una formaci\u00f3n con sentido y excelencia.<\/p>\n\n\n\n<p>La SEC invit\u00f3 a consultarlo en el portal https:\/\/boletinoficial.sonora.gob.mx\/images\/boletines\/2025\/10\/2025CCXVI30IV.pdf como parte de la responsabilidad de todos los integrantes de la comunidad escolar y con la intenci\u00f3n de promover la participaci\u00f3n democr\u00e1tica, la excelencia y la mejora continua en las escuelas.<\/p>\n\n\n\n<p>Especific\u00f3 que es de observancia general y de aplicaci\u00f3n obligatoria en las escuelas de educaci\u00f3n b\u00e1sica de la entidad, por las autoridades educativas locales, sus organismos descentralizados, municipios y particulares con autorizaci\u00f3n o reconocimiento de validez oficial de estudios.<\/p>\n\n\n\n<p>Tambi\u00e9n es obligatorio para todo el personal directivo, docente, administrativo, de supervisi\u00f3n, jefaturas de sector y delegaciones regionales, de ah\u00ed la importancia de conocer el documento.<\/p>\n","protected":false},"excerpt":{"rendered":"<p>Hermosillo, Sonora; 22 de octubre de 2025.- Como parte del esfuerzo del Gobierno de Sonora para consolidar un sistema educativo con enfoque integral e inclusivo, que garantice el bienestar y desarrollo de ni\u00f1as, ni\u00f1os y j\u00f3venes, se public\u00f3 en el Bolet\u00edn Oficial el Reglamento Escolar para el Funcionamiento de las Escuelas de Educaci\u00f3n B\u00e1sica del [&hellip;]<\/p>\n","protected":false},"author":2,"featured_media":23985,"comment_status":"open","ping_status":"open","sticky":false,"template":"","format":"standard","meta":{"footnotes":""},"categories":[36],"tags":[],"class_list":["post-23984","post","type-post","status-publish","format-standard","has-post-thumbnail","hentry","category-educacion"],"_links":{"self":[{"href":"https:\/\/elreporterodelacomunidad.com\/index.php\/wp-json\/wp\/v2\/posts\/23984","targetHints":{"allow":["GET"]}}],"collection":[{"href":"https:\/\/elreporterodelacomunidad.com\/index.php\/wp-json\/wp\/v2\/posts"}],"about":[{"href":"https:\/\/elreporterodelacomunidad.com\/index.php\/wp-json\/wp\/v2\/types\/post"}],"author":[{"embeddable":true,"href":"https:\/\/elreporterodelacomunidad.com\/index.php\/wp-json\/wp\/v2\/users\/2"}],"replies":[{"embeddable":true,"href":"https:\/\/elreporterodelacomunidad.com\/index.php\/wp-json\/wp\/v2\/comments?post=23984"}],"version-history":[{"count":1,"href":"https:\/\/elreporterodelacomunidad.com\/index.php\/wp-json\/wp\/v2\/posts\/23984\/revisions"}],"predecessor-version":[{"id":23986,"href":"https:\/\/elreporterodelacomunidad.com\/index.php\/wp-json\/wp\/v2\/posts\/23984\/revisions\/23986"}],"wp:featuredmedia":[{"embeddable":true,"href":"https:\/\/elreporterodelacomunidad.com\/index.php\/wp-json\/wp\/v2\/media\/23985"}],"wp:attachment":[{"href":"https:\/\/elreporterodelacomunidad.com\/index.php\/wp-json\/wp\/v2\/media?parent=23984"}],"wp:term":[{"taxonomy":"category","embeddable":true,"href":"https:\/\/elreporterodelacomunidad.com\/index.php\/wp-json\/wp\/v2\/categories?post=23984"},{"taxonomy":"post_tag","embeddable":true,"href":"https:\/\/elreporterodelacomunidad.com\/index.php\/wp-json\/wp\/v2\/tags?post=23984"}],"curies":[{"name":"wp","href":"https:\/\/api.w.org\/{rel}","templated":true}]}}