{"id":23981,"date":"2025-10-22T14:39:37","date_gmt":"2025-10-22T21:39:37","guid":{"rendered":"https:\/\/elreporterodelacomunidad.com\/?p=23981"},"modified":"2025-10-22T14:39:49","modified_gmt":"2025-10-22T21:39:49","slug":"fortalece-gobierno-de-sonora-formacion-profesional-de-futuras-docentes-de-educacion-inicial-creson","status":"publish","type":"post","link":"https:\/\/elreporterodelacomunidad.com\/index.php\/2025\/10\/22\/fortalece-gobierno-de-sonora-formacion-profesional-de-futuras-docentes-de-educacion-inicial-creson\/","title":{"rendered":"Fortalece Gobierno de Sonora formaci\u00f3n profesional de futuras docentes de Educaci\u00f3n Inicial: Creson"},"content":{"rendered":"\n<p>Hermosillo, Sonora; 22 de octubre de 2025.- Para identificar retos y fortalezas en su pr\u00e1ctica en la Educaci\u00f3n Inicial, estudiantes de la Benem\u00e9rita y Centenaria Escuela Normal del Estado de Sonora \u201cProf. Jes\u00fas Manuel Bustamante Mungarro\u201d (Bycenes) implementaron el proyecto \u201cAula viva: Huellitas de la infancia Bycenes\u201d.<\/p>\n\n\n\n<p>Se trata de un sal\u00f3n de clases del plantel, el cual fue adaptado para recibir a ni\u00f1as, ni\u00f1os y beb\u00e9s de 0 a 3 a\u00f1os de edad, con el fin de que el alumnado de la licenciatura en Educaci\u00f3n Inicial realice su pr\u00e1ctica profesional.<\/p>\n\n\n\n<p>En este espacio, las y los menores, con el acompa\u00f1amiento de estudiantes normalistas, son parte de una experiencia educativa en la que a trav\u00e9s del juego y las artes desarrollan sus habilidades f\u00edsicas, cognitivas, afectivas y sociales.<\/p>\n\n\n\n<p>Mar\u00eda Nieves V\u00e1squez Fraijo, una de las docentes a cargo del proyecto, resalt\u00f3 que tambi\u00e9n hay un impacto en las madres y padres de familia, quienes participan en charlas y otras actividades propuestas por las alumnas para fortalecer el cuidado y desarrollo de las ni\u00f1as, ni\u00f1os y beb\u00e9s.<\/p>\n\n\n\n<p>Indic\u00f3 que en la primera etapa de \u201cAula viva\u201d fueron atendidos diez menores con sus madres y padres y, con base en los resultados, las estudiantes podr\u00e1n enriquecer sus planeaciones did\u00e1cticas para sus siguientes jornadas de pr\u00e1cticas, en noviembre y diciembre.<\/p>\n\n\n\n<p>Las 18 alumnas y alumno participantes cursan el tercer semestre y forman parte de la primera generaci\u00f3n de la licenciatura en Educaci\u00f3n Inicial de la Bycenes.<\/p>\n","protected":false},"excerpt":{"rendered":"<p>Hermosillo, Sonora; 22 de octubre de 2025.- Para identificar retos y fortalezas en su pr\u00e1ctica en la Educaci\u00f3n Inicial, estudiantes de la Benem\u00e9rita y Centenaria Escuela Normal del Estado de Sonora \u201cProf. Jes\u00fas Manuel Bustamante Mungarro\u201d (Bycenes) implementaron el proyecto \u201cAula viva: Huellitas de la infancia Bycenes\u201d. Se trata de un sal\u00f3n de clases del [&hellip;]<\/p>\n","protected":false},"author":2,"featured_media":23982,"comment_status":"open","ping_status":"open","sticky":false,"template":"","format":"standard","meta":{"footnotes":""},"categories":[36],"tags":[],"class_list":["post-23981","post","type-post","status-publish","format-standard","has-post-thumbnail","hentry","category-educacion"],"_links":{"self":[{"href":"https:\/\/elreporterodelacomunidad.com\/index.php\/wp-json\/wp\/v2\/posts\/23981","targetHints":{"allow":["GET"]}}],"collection":[{"href":"https:\/\/elreporterodelacomunidad.com\/index.php\/wp-json\/wp\/v2\/posts"}],"about":[{"href":"https:\/\/elreporterodelacomunidad.com\/index.php\/wp-json\/wp\/v2\/types\/post"}],"author":[{"embeddable":true,"href":"https:\/\/elreporterodelacomunidad.com\/index.php\/wp-json\/wp\/v2\/users\/2"}],"replies":[{"embeddable":true,"href":"https:\/\/elreporterodelacomunidad.com\/index.php\/wp-json\/wp\/v2\/comments?post=23981"}],"version-history":[{"count":1,"href":"https:\/\/elreporterodelacomunidad.com\/index.php\/wp-json\/wp\/v2\/posts\/23981\/revisions"}],"predecessor-version":[{"id":23983,"href":"https:\/\/elreporterodelacomunidad.com\/index.php\/wp-json\/wp\/v2\/posts\/23981\/revisions\/23983"}],"wp:featuredmedia":[{"embeddable":true,"href":"https:\/\/elreporterodelacomunidad.com\/index.php\/wp-json\/wp\/v2\/media\/23982"}],"wp:attachment":[{"href":"https:\/\/elreporterodelacomunidad.com\/index.php\/wp-json\/wp\/v2\/media?parent=23981"}],"wp:term":[{"taxonomy":"category","embeddable":true,"href":"https:\/\/elreporterodelacomunidad.com\/index.php\/wp-json\/wp\/v2\/categories?post=23981"},{"taxonomy":"post_tag","embeddable":true,"href":"https:\/\/elreporterodelacomunidad.com\/index.php\/wp-json\/wp\/v2\/tags?post=23981"}],"curies":[{"name":"wp","href":"https:\/\/api.w.org\/{rel}","templated":true}]}}