{"id":23968,"date":"2025-10-21T22:26:23","date_gmt":"2025-10-22T05:26:23","guid":{"rendered":"https:\/\/elreporterodelacomunidad.com\/?p=23968"},"modified":"2025-10-21T22:26:28","modified_gmt":"2025-10-22T05:26:28","slug":"reconocimiento-selectivo-y-olvido-institucional-el-otro-rostro-del-deporte-en-sonora","status":"publish","type":"post","link":"https:\/\/elreporterodelacomunidad.com\/index.php\/2025\/10\/21\/reconocimiento-selectivo-y-olvido-institucional-el-otro-rostro-del-deporte-en-sonora\/","title":{"rendered":"Reconocimiento selectivo y olvido institucional: el otro rostro del deporte en Sonora."},"content":{"rendered":"\n<p><strong>Reconocimiento selectivo y olvido institucional: el otro rostro del deporte en Sonora.<\/strong><\/p>\n\n\n\n<p>El deporte, en su esencia m\u00e1s pura, es una manifestaci\u00f3n de esfuerzo, disciplina y superaci\u00f3n. Pero en Sonora, una vez m\u00e1s, se ha convertido en un escaparate pol\u00edtico selectivo, donde el reconocimiento se administra seg\u00fan intereses y no seg\u00fan m\u00e9ritos.<\/p>\n\n\n\n<p>Esta semana, el gobernador Alfonso Durazo Monta\u00f1o encabez\u00f3 una ceremonia para premiar a 139 atletas y entrenadores de los Juegos Deportivos Nacionales de Educaci\u00f3n B\u00e1sica 2025, otorg\u00e1ndoles est\u00edmulos econ\u00f3micos que en total ascienden a 5.7 millones de pesos. Un acto que, en el papel, suena justo y plausible. Pero en la realidad, encendi\u00f3 la indignaci\u00f3n de un amplio sector de la comunidad deportiva: los atletas de alto rendimiento y paral\u00edmpicos que llevan m\u00e1s de un a\u00f1o sin recibir sus becas.<\/p>\n\n\n\n<p>&#8220;\u00bfCu\u00e1l es la diferencia entre nosotros y ellos?&#8221;, cuestionan los deportistas ol\u00edmpicos y paral\u00edmpicos de Sonora. La respuesta es tan cruda como evidente: visibilidad medi\u00e1tica y conveniencia pol\u00edtica.<\/p>\n\n\n\n<p>Mientras los medallistas escolares son aplaudidos en el Palacio de Gobierno, los seleccionados estatales \u2014quienes representan a Sonora en eventos nacionales e internacionales\u2014 siguen esperando no solo su pago, sino un m\u00ednimo de atenci\u00f3n institucional. Ni abanderamientos, ni reconocimientos, ni siquiera explicaciones. Silencio absoluto.<\/p>\n\n\n\n<p><strong>La paradoja del \u201crespaldo total\u201d<\/strong><\/p>\n\n\n\n<p>Durante el evento, el mandatario estatal asegur\u00f3 que su administraci\u00f3n respalda \u201ctotalmente\u201d a los atletas sonorenses. Pero, \u00bfc\u00f3mo se traduce ese respaldo cuando las becas est\u00e1n congeladas desde hace m\u00e1s de un a\u00f1o? \u00bfD\u00f3nde est\u00e1 ese \u201ccompromiso con la disciplina y el esfuerzo\u201d cuando las promesas del Sal\u00f3n de la Fama siguen enterradas \u2014literalmente\u2014 bajo polvo y olvido, con las placas de los inmortales abandonadas en alg\u00fan rinc\u00f3n oscuro del gobierno?<\/p>\n\n\n\n<p>Este acto, lejos de fortalecer la imagen institucional del deporte sonorense, ha dejado expuesta una verdad inc\u00f3moda: el trato desigual, excluyente y pol\u00edticamente calculado hacia ciertos sectores del deporte. Mientras los escolares tienen garantizado un est\u00edmulo mensual de hasta 48 mil pesos durante un a\u00f1o, los atletas de alto rendimiento siguen compitiendo con recursos propios, y los paral\u00edmpicos \u2014doblemente meritorios\u2014 siguen siendo ignorados.<\/p>\n\n\n\n<p><strong>Entre la omisi\u00f3n y la manipulaci\u00f3n pol\u00edtica<\/strong><\/p>\n\n\n\n<p>Y es que no todo termina en el olvido. A medida que se acercan los tiempos electorales, algunos nombres comienzan a tomar protagonismo. Froyl\u00e1n G\u00e1mez Gamboa, secretario de Educaci\u00f3n y Cultura, no pasa desapercibido en los eventos oficiales. \u00bfCasualidad? Lo dudo. En un estado donde la pol\u00edtica suele disfrazarse de compromiso social, es evidente que el deporte est\u00e1 siendo utilizado como una vitrina electoral.<\/p>\n\n\n\n<p><strong>\u00bfY el Premio Estatal del Deporte?<\/strong><\/p>\n\n\n\n<p>Otro episodio que ya preocupa es la pr\u00f3xima entrega del Premio Estatal del Deporte y la esperada \u2014pero a\u00fan incierta\u2014 ceremonia de entronizaci\u00f3n al Sal\u00f3n de la Fama del Deporte Sonorense. Dos eventos que, en teor\u00eda, deber\u00edan ser motivo de orgullo y reflexi\u00f3n hist\u00f3rica. Pero a estas alturas, siguen sin sede, sin planificaci\u00f3n y, sobre todo, sin inter\u00e9s real por parte de las autoridades. Porque cuando el deporte no da votos ni titulares, deja de ser prioridad.<\/p>\n\n\n\n<p><strong>Una exigencia leg\u00edtima<\/strong><\/p>\n\n\n\n<p>No se trata de restar m\u00e9ritos a los j\u00f3venes escolares premiados. Al contrario, su esfuerzo tambi\u00e9n merece aplauso. Pero el reconocimiento en el deporte no puede ni debe ser excluyente. La equidad implica justicia, y hoy, en Sonora, hay atletas que han dado todo por su estado y no reciben nada a cambio.<\/p>\n\n\n\n<p>La comunidad deportiva exige respuestas, no discursos. Compromisos cumplidos, no promesas en papel. Y, sobre todo, una pol\u00edtica deportiva incluyente, transparente y ajena a intereses electoreros. Porque el verdadero \u201calto rendimiento\u201d no se mide solo en medallas, sino en la capacidad del gobierno para ser justo con todos sus atletas.<\/p>\n\n\n\n<p><strong>Por hoy es todo, s\u00edgueme en:<\/strong><\/p>\n\n\n\n<p><strong>www.elreporterodelacomunidad.com<\/strong><\/p>\n\n\n\n<p>Twitter: @elreporteroson y @NPDeportes1<\/p>\n\n\n\n<p>Facebook: El Reportero de la Comunidad y Columna Nada Personal<\/p>\n\n\n\n<p>IG: elreporterodelcomunidad<\/p>\n\n\n\n<p>Tiktok: elreporterodelacomunidad<\/p>\n\n\n\n<p>Whatsapp: 6622217136<\/p>\n","protected":false},"excerpt":{"rendered":"<p>Reconocimiento selectivo y olvido institucional: el otro rostro del deporte en Sonora. El deporte, en su esencia m\u00e1s pura, es una manifestaci\u00f3n de esfuerzo, disciplina y superaci\u00f3n. Pero en Sonora, una vez m\u00e1s, se ha convertido en un escaparate pol\u00edtico selectivo, donde el reconocimiento se administra seg\u00fan intereses y no seg\u00fan m\u00e9ritos. Esta semana, el [&hellip;]<\/p>\n","protected":false},"author":1,"featured_media":23969,"comment_status":"open","ping_status":"open","sticky":false,"template":"","format":"standard","meta":{"footnotes":""},"categories":[47,53,51,50,48,54,29,27,45],"tags":[],"class_list":["post-23968","post","type-post","status-publish","format-standard","has-post-thumbnail","hentry","category-columnas","category-editorial","category-elreporterodelacomunidad","category-nadapersonal","category-noticiasdestacadas","category-picandocresta","category-principalsecundaria","category-ultimahora","category-ultimasnoticias"],"_links":{"self":[{"href":"https:\/\/elreporterodelacomunidad.com\/index.php\/wp-json\/wp\/v2\/posts\/23968","targetHints":{"allow":["GET"]}}],"collection":[{"href":"https:\/\/elreporterodelacomunidad.com\/index.php\/wp-json\/wp\/v2\/posts"}],"about":[{"href":"https:\/\/elreporterodelacomunidad.com\/index.php\/wp-json\/wp\/v2\/types\/post"}],"author":[{"embeddable":true,"href":"https:\/\/elreporterodelacomunidad.com\/index.php\/wp-json\/wp\/v2\/users\/1"}],"replies":[{"embeddable":true,"href":"https:\/\/elreporterodelacomunidad.com\/index.php\/wp-json\/wp\/v2\/comments?post=23968"}],"version-history":[{"count":1,"href":"https:\/\/elreporterodelacomunidad.com\/index.php\/wp-json\/wp\/v2\/posts\/23968\/revisions"}],"predecessor-version":[{"id":23970,"href":"https:\/\/elreporterodelacomunidad.com\/index.php\/wp-json\/wp\/v2\/posts\/23968\/revisions\/23970"}],"wp:featuredmedia":[{"embeddable":true,"href":"https:\/\/elreporterodelacomunidad.com\/index.php\/wp-json\/wp\/v2\/media\/23969"}],"wp:attachment":[{"href":"https:\/\/elreporterodelacomunidad.com\/index.php\/wp-json\/wp\/v2\/media?parent=23968"}],"wp:term":[{"taxonomy":"category","embeddable":true,"href":"https:\/\/elreporterodelacomunidad.com\/index.php\/wp-json\/wp\/v2\/categories?post=23968"},{"taxonomy":"post_tag","embeddable":true,"href":"https:\/\/elreporterodelacomunidad.com\/index.php\/wp-json\/wp\/v2\/tags?post=23968"}],"curies":[{"name":"wp","href":"https:\/\/api.w.org\/{rel}","templated":true}]}}