{"id":23949,"date":"2025-10-21T15:07:50","date_gmt":"2025-10-21T22:07:50","guid":{"rendered":"https:\/\/elreporterodelacomunidad.com\/?p=23949"},"modified":"2025-10-21T15:07:53","modified_gmt":"2025-10-21T22:07:53","slug":"concluye-rosa-tapia-actuacion-en-final-de-serial-del-campeonato-mundial-de-triatlon","status":"publish","type":"post","link":"https:\/\/elreporterodelacomunidad.com\/index.php\/2025\/10\/21\/concluye-rosa-tapia-actuacion-en-final-de-serial-del-campeonato-mundial-de-triatlon\/","title":{"rendered":"Concluye Rosa Tapia actuaci\u00f3n en final de serial del Campeonato Mundial de Triatl\u00f3n"},"content":{"rendered":"\n<p>La ol\u00edmpica sonorense lleg\u00f3 en el vig\u00e9simo segundo lugar en la categor\u00eda Elite femenil, despu\u00e9s de que compil\u00f3 tiempo de 2:00\u201918<\/p>\n\n\n\n<p>Hermosillo, Sonora, 21 de octubre del 2025.- La sonorense Rosa Mar\u00eda Tapia culmin\u00f3 su participaci\u00f3n en la Final del Serial del Campeonato Mundial de Triatl\u00f3n, con sede en Wollongong, Australia, en donde logr\u00f3 ubicarse en la vig\u00e9sima segunda posici\u00f3n de la categor\u00eda Elite.<\/p>\n\n\n\n<p>La hermosillense, que hizo su debut ol\u00edmpico en Par\u00eds 2024, registr\u00f3 un tiempo total de 2:00\u201918 en la trayectoria de la rama femenil de Mayores, despu\u00e9s de recorrer 1,500 metros de nado, 40 kil\u00f3metros de bicicleta y 10K de carrera pedestre.<\/p>\n\n\n\n<p>Los tiempos de Tapia Vidal el domingo pasado fueron: 19:43 en la nataci\u00f3n; 1:03\u201913 en el ciclismo; y 36:22 en la carrera a pie, en la que fue la \u00faltima competencia de ese certamen anual que organiza la World Triathlon.<\/p>\n\n\n\n<p>Rosa Mar\u00eda vio acci\u00f3n previamente en las seis fases regulares: Abu Dabi, Emiratos \u00c1rabes (15 febrero), Yokohama, Jap\u00f3n (17 mayo), Alghero, Italia (31 mayo), Hamburgo, Alemania (12 julio), la Riviera Francesa (31 agosto), y Weihai, China (26 septiembre).<\/p>\n\n\n\n<p>La ol\u00edmpica sonorense compil\u00f3 su mejor actuaci\u00f3n del serial mundial en suelo nip\u00f3n, en donde qued\u00f3 en la s\u00e9ptima posici\u00f3n, tambi\u00e9n en Emiratos \u00c1rabes termin\u00f3 en el Top 10, tras finalizar en el octavo sitio.<\/p>\n\n\n\n<p>Antes de celebrarse la etapa Final en tierras australianas, la originaria de Hermosillo estaba en el puesto 13 del ranking mundial con 3,301.90 unidades y a su vez en el segundo pelda\u00f1o del continente americano.<\/p>\n","protected":false},"excerpt":{"rendered":"<p>La ol\u00edmpica sonorense lleg\u00f3 en el vig\u00e9simo segundo lugar en la categor\u00eda Elite femenil, despu\u00e9s de que compil\u00f3 tiempo de 2:00\u201918 Hermosillo, Sonora, 21 de octubre del 2025.- La sonorense Rosa Mar\u00eda Tapia culmin\u00f3 su participaci\u00f3n en la Final del Serial del Campeonato Mundial de Triatl\u00f3n, con sede en Wollongong, Australia, en donde logr\u00f3 ubicarse [&hellip;]<\/p>\n","protected":false},"author":5,"featured_media":23950,"comment_status":"open","ping_status":"open","sticky":false,"template":"","format":"standard","meta":{"footnotes":""},"categories":[33],"tags":[],"class_list":["post-23949","post","type-post","status-publish","format-standard","has-post-thumbnail","hentry","category-deportes"],"_links":{"self":[{"href":"https:\/\/elreporterodelacomunidad.com\/index.php\/wp-json\/wp\/v2\/posts\/23949","targetHints":{"allow":["GET"]}}],"collection":[{"href":"https:\/\/elreporterodelacomunidad.com\/index.php\/wp-json\/wp\/v2\/posts"}],"about":[{"href":"https:\/\/elreporterodelacomunidad.com\/index.php\/wp-json\/wp\/v2\/types\/post"}],"author":[{"embeddable":true,"href":"https:\/\/elreporterodelacomunidad.com\/index.php\/wp-json\/wp\/v2\/users\/5"}],"replies":[{"embeddable":true,"href":"https:\/\/elreporterodelacomunidad.com\/index.php\/wp-json\/wp\/v2\/comments?post=23949"}],"version-history":[{"count":1,"href":"https:\/\/elreporterodelacomunidad.com\/index.php\/wp-json\/wp\/v2\/posts\/23949\/revisions"}],"predecessor-version":[{"id":23951,"href":"https:\/\/elreporterodelacomunidad.com\/index.php\/wp-json\/wp\/v2\/posts\/23949\/revisions\/23951"}],"wp:featuredmedia":[{"embeddable":true,"href":"https:\/\/elreporterodelacomunidad.com\/index.php\/wp-json\/wp\/v2\/media\/23950"}],"wp:attachment":[{"href":"https:\/\/elreporterodelacomunidad.com\/index.php\/wp-json\/wp\/v2\/media?parent=23949"}],"wp:term":[{"taxonomy":"category","embeddable":true,"href":"https:\/\/elreporterodelacomunidad.com\/index.php\/wp-json\/wp\/v2\/categories?post=23949"},{"taxonomy":"post_tag","embeddable":true,"href":"https:\/\/elreporterodelacomunidad.com\/index.php\/wp-json\/wp\/v2\/tags?post=23949"}],"curies":[{"name":"wp","href":"https:\/\/api.w.org\/{rel}","templated":true}]}}