{"id":23919,"date":"2025-10-21T14:37:06","date_gmt":"2025-10-21T21:37:06","guid":{"rendered":"https:\/\/elreporterodelacomunidad.com\/?p=23919"},"modified":"2025-10-21T14:37:11","modified_gmt":"2025-10-21T21:37:11","slug":"impulsa-gobierno-de-sonora-convocatoria-ideas-que-transforman-juventud-e-igualdad-ues","status":"publish","type":"post","link":"https:\/\/elreporterodelacomunidad.com\/index.php\/2025\/10\/21\/impulsa-gobierno-de-sonora-convocatoria-ideas-que-transforman-juventud-e-igualdad-ues\/","title":{"rendered":"Impulsa Gobierno de Sonora convocatoria \u201cIdeas que transforman: juventud e igualdad\u201d: UES"},"content":{"rendered":"\n<p>Hermosillo, Sonora; 21 de octubre de 2025.- Con el objetivo de incentivar en j\u00f3venes estudiantes de nivel medio superior el pensamiento cr\u00edtico, la creatividad y el compromiso social, el Gobierno de Sonora, a trav\u00e9s de la Secretar\u00eda de Educaci\u00f3n y Cultura (SEC) y la Universidad Estatal de Sonora (UES), present\u00f3 la convocatoria \u201cIdeas que transforman: juventud e igualdad\u201d.<\/p>\n\n\n\n<p>El objetivo es invitar a participar de forma individual al alumnado de preparatorias p\u00fablicas, a trav\u00e9s de dos categor\u00edas, ensayo escrito y video-ensayo, los cuales podr\u00e1n abordar temas como igualdad de g\u00e9nero, prevenci\u00f3n de la violencia, diversidad cultural, inclusi\u00f3n y desarrollo social.<\/p>\n\n\n\n<p>La invitaci\u00f3n fue hecha por el subsecretario de Educaci\u00f3n Media Superior y Superior, Rodolfo Basurto \u00c1lvarez, y la encargada de Vinculaci\u00f3n de la UES, Sanae Hinojosa Taomori, en representaci\u00f3n de la rectora de la UES, Martha Patricia Pati\u00f1o Fierro, junto a la subsecretaria de Pol\u00edticas Educativas para la Transformaci\u00f3n, Guadalupe Gonz\u00e1lez Liz\u00e1rraga.<\/p>\n\n\n\n<p>Durante su mensaje, Sanae Hinojosa destac\u00f3 que la convocatoria busca que las y los j\u00f3venes se conviertan en agentes de cambio, capaces de proponer soluciones creativas y sustentadas a problem\u00e1ticas sociales relacionadas con la igualdad de g\u00e9nero, la inclusi\u00f3n y la cultura de paz.<\/p>\n\n\n\n<p>Este tipo de iniciativas fortalecen la formaci\u00f3n integral del estudiantado y reafirman el compromiso de la UES con los principios del Plan Estatal de Desarrollo 2022-2027 del gobernador Alfonso Durazo y el Plan Nacional de Desarrollo 2025-2030 de la presidenta Claudia Sheinbaum, en materia de educaci\u00f3n, bienestar e igualdad sustantiva.<\/p>\n\n\n\n<p class=\"has-text-align-center\"><img loading=\"lazy\" decoding=\"async\" width=\"500\" height=\"333\" class=\"wp-image-23921\" style=\"width: 500px;\" src=\"https:\/\/elreporterodelacomunidad.com\/wp-content\/uploads\/2025\/10\/b80ee9a2-f66e-467e-b7ce-7e04350bf08f.jpg\" alt=\"\" srcset=\"https:\/\/elreporterodelacomunidad.com\/wp-content\/uploads\/2025\/10\/b80ee9a2-f66e-467e-b7ce-7e04350bf08f.jpg 1600w, https:\/\/elreporterodelacomunidad.com\/wp-content\/uploads\/2025\/10\/b80ee9a2-f66e-467e-b7ce-7e04350bf08f-300x200.jpg 300w, https:\/\/elreporterodelacomunidad.com\/wp-content\/uploads\/2025\/10\/b80ee9a2-f66e-467e-b7ce-7e04350bf08f-1024x682.jpg 1024w, https:\/\/elreporterodelacomunidad.com\/wp-content\/uploads\/2025\/10\/b80ee9a2-f66e-467e-b7ce-7e04350bf08f-768x512.jpg 768w, https:\/\/elreporterodelacomunidad.com\/wp-content\/uploads\/2025\/10\/b80ee9a2-f66e-467e-b7ce-7e04350bf08f-1536x1023.jpg 1536w, https:\/\/elreporterodelacomunidad.com\/wp-content\/uploads\/2025\/10\/b80ee9a2-f66e-467e-b7ce-7e04350bf08f-750x500.jpg 750w, https:\/\/elreporterodelacomunidad.com\/wp-content\/uploads\/2025\/10\/b80ee9a2-f66e-467e-b7ce-7e04350bf08f-1140x760.jpg 1140w\" sizes=\"auto, (max-width: 500px) 100vw, 500px\" \/><\/p>\n","protected":false},"excerpt":{"rendered":"<p>Hermosillo, Sonora; 21 de octubre de 2025.- Con el objetivo de incentivar en j\u00f3venes estudiantes de nivel medio superior el pensamiento cr\u00edtico, la creatividad y el compromiso social, el Gobierno de Sonora, a trav\u00e9s de la Secretar\u00eda de Educaci\u00f3n y Cultura (SEC) y la Universidad Estatal de Sonora (UES), present\u00f3 la convocatoria \u201cIdeas que transforman: [&hellip;]<\/p>\n","protected":false},"author":2,"featured_media":23920,"comment_status":"open","ping_status":"open","sticky":false,"template":"","format":"standard","meta":{"footnotes":""},"categories":[36],"tags":[],"class_list":["post-23919","post","type-post","status-publish","format-standard","has-post-thumbnail","hentry","category-educacion"],"_links":{"self":[{"href":"https:\/\/elreporterodelacomunidad.com\/index.php\/wp-json\/wp\/v2\/posts\/23919","targetHints":{"allow":["GET"]}}],"collection":[{"href":"https:\/\/elreporterodelacomunidad.com\/index.php\/wp-json\/wp\/v2\/posts"}],"about":[{"href":"https:\/\/elreporterodelacomunidad.com\/index.php\/wp-json\/wp\/v2\/types\/post"}],"author":[{"embeddable":true,"href":"https:\/\/elreporterodelacomunidad.com\/index.php\/wp-json\/wp\/v2\/users\/2"}],"replies":[{"embeddable":true,"href":"https:\/\/elreporterodelacomunidad.com\/index.php\/wp-json\/wp\/v2\/comments?post=23919"}],"version-history":[{"count":1,"href":"https:\/\/elreporterodelacomunidad.com\/index.php\/wp-json\/wp\/v2\/posts\/23919\/revisions"}],"predecessor-version":[{"id":23922,"href":"https:\/\/elreporterodelacomunidad.com\/index.php\/wp-json\/wp\/v2\/posts\/23919\/revisions\/23922"}],"wp:featuredmedia":[{"embeddable":true,"href":"https:\/\/elreporterodelacomunidad.com\/index.php\/wp-json\/wp\/v2\/media\/23920"}],"wp:attachment":[{"href":"https:\/\/elreporterodelacomunidad.com\/index.php\/wp-json\/wp\/v2\/media?parent=23919"}],"wp:term":[{"taxonomy":"category","embeddable":true,"href":"https:\/\/elreporterodelacomunidad.com\/index.php\/wp-json\/wp\/v2\/categories?post=23919"},{"taxonomy":"post_tag","embeddable":true,"href":"https:\/\/elreporterodelacomunidad.com\/index.php\/wp-json\/wp\/v2\/tags?post=23919"}],"curies":[{"name":"wp","href":"https:\/\/api.w.org\/{rel}","templated":true}]}}