{"id":23895,"date":"2025-10-20T19:52:32","date_gmt":"2025-10-21T02:52:32","guid":{"rendered":"https:\/\/elreporterodelacomunidad.com\/?p=23895"},"modified":"2025-10-20T19:52:35","modified_gmt":"2025-10-21T02:52:35","slug":"develan-en-unison-placa-e-inauguran-edificio-13-a-del-departamento-de-lenguas-extranjeras","status":"publish","type":"post","link":"https:\/\/elreporterodelacomunidad.com\/index.php\/2025\/10\/20\/develan-en-unison-placa-e-inauguran-edificio-13-a-del-departamento-de-lenguas-extranjeras\/","title":{"rendered":"Develan en Unison placa e inauguran edificio 13-A del Departamento de Lenguas Extranjeras"},"content":{"rendered":"\n<p>Hermosillo, Sonora a 20 de octubre de 2025.- Con una inversi\u00f3n de m\u00e1s de 26 millones de pesos , la Universidad de Sonora inaugur\u00f3 oficialmente el edificio 13-A del Departamento de Lenguas Extranjeras , un nuevo espacio acad\u00e9mico que fortalecer\u00e1 la formaci\u00f3n ling\u00fc\u00edstica y cultural de miles de estudiantes.<br>La ceremonia estuvo encabezada por la rectora Dena Mar\u00eda Camarena G\u00f3mez, quien devel\u00f3 la placa conmemorativa acompa\u00f1ada por la jefa del Departamento de Lenguas Extranjeras, Mar\u00eda Nelly Guti\u00e9rrez Arvizu, y la directora de Infraestructura y Adquisiciones, Gema Karina Ibarra Tor\u00faa, entre otros funcionarios universitarios.<br>Durante el acto, la rectora felicit\u00f3 a la comunidad acad\u00e9mica y estudiantil por este logro que, dijo, representa un momento hist\u00f3rico para la instituci\u00f3n, al ampliar y modernizar los espacios destinados a la ense\u00f1anza de idiomas.<br>\u201cCada edificio, cada espacio de nuestra universidad, es un momento inolvidable, hist\u00f3rico, que levanta el nombre de nuestra instituci\u00f3n y forma parte de la historia de nuestra m\u00e1xima casa de estudios.<br>&#8220;Este edificio que hoy inauguramos se ha convertido en un testigo permanente de que aqu\u00ed y ahora refrendamos nuestro compromiso de ofrecer instalaciones dignas, con tecnolog\u00edas y equipamiento de primer nivel\u201d, expres\u00f3.<br>Camarena G\u00f3mez a\u00f1adi\u00f3 que el reto a partir de ahora es mantener vivas y en uso responsable las instalaciones, garantizando que sigan siendo un referente de educaci\u00f3n de calidad para las generaciones presentes y futuras.<\/p>\n\n\n\n<p>Recursos provenientes del Fideicomiso de Cuotas<\/p>\n\n\n\n<p>Por su parte, la jefa del Departamento, Mar\u00eda Nelly Guti\u00e9rrez Arvizu, agradeci\u00f3 el apoyo de las autoridades universitarias en la consolidaci\u00f3n de un proyecto que atiende diariamente a m\u00e1s de seis mil estudiantes.<br>\u201cEn el edificio 13-A no solo se imparten clases: se forjan ciudadanos integrales que desarrollan competencias comunicativas en los idiomas alem\u00e1n, \u00e1rabe, chino, coreano, franc\u00e9s, ingl\u00e9s, italiano, japon\u00e9s, portugu\u00e9s, ruso y espa\u00f1ol para extranjeros, guiados por docentes ampliamente capacitados\u201d, se\u00f1al\u00f3.<br>Destac\u00f3 que el edificio fue financiado con recursos propios, principalmente provenientes de las inscripciones de los estudiantes, y est\u00e1 totalmente equipado y acondicionado para propiciar ambientes \u00f3ptimos de ense\u00f1anza-aprendizaje.<br>El inmueble cuenta con 11 aulas, una biblioteca especializada, el Centro de Auto Acceso de Lenguas Extranjeras (CAALE), el Laboratorio de Investigaci\u00f3n en Ling\u00fc\u00edstica Aplicada, un aula de certificaciones y un aula polivalente.<\/p>\n\n\n\n<p>Este nuevo espacio alberga a estudiantes de la Licenciatura en Ense\u00f1anza del Ingl\u00e9s y de la Maestr\u00eda en Ense\u00f1anza de Lenguas Extranjeras, fortaleciendo la infraestructura acad\u00e9mica del Departamento.<\/p>\n\n\n\n<p>Inversi\u00f3n total: $26,351,761.69 pesos<br>La directora de Infraestructura y Adquisiciones, Gema Karina Ibarra Tor\u00faa, explic\u00f3 que la construcci\u00f3n del edificio se realiz\u00f3 en tres etapas, con una superficie de 782 metros cuadrados en la planta baja y 845 metros cuadrados en la planta alta, y una inversi\u00f3n total de $26,351,761.69 pesos.<br>Detall\u00f3 que la primera etapa comprendi\u00f3 la demolici\u00f3n del edificio anterior y la construcci\u00f3n de la planta baja; la segunda, la edificaci\u00f3n de la planta alta (secci\u00f3n sur) y seis aulas en obra negra, adem\u00e1s del puente de conexi\u00f3n y las escaleras principales y de emergencia; y la tercera etapa concluy\u00f3 con la terminaci\u00f3n de seis aulas adicionales en el nivel superior.<br>Asimismo, explic\u00f3 que la inversi\u00f3n total incluye el proyecto ejecutivo, obra civil, equipamiento de aire acondicionado, materiales, equipos de datos y la instalaci\u00f3n de paneles solares para los edificios 13-A y 13-B.<br>Durante la ceremonia de inauguraci\u00f3n tambi\u00e9n estuvieron presentes el secretario General Acad\u00e9mico, Enrique Bolado Mart\u00ednez; el director Administrativo del Campus Hermosillo, Juan Carlos G\u00e1lvez Ruiz; la directora de Apoyo a Estudiantes, Jessica Yvette Coronado Verdugo; la coordinadora General de la Facultad Interdisciplinaria de Humanidades y Artes, Guadalupe Alpuche Cruz, adem\u00e1s de docentes y estudiantes del Departamento de Lenguas Extranjeras.<\/p>\n\n\n\n<p class=\"has-text-align-center\"><img loading=\"lazy\" decoding=\"async\" width=\"500\" height=\"271\" class=\"wp-image-23897\" style=\"width: 500px;\" src=\"https:\/\/elreporterodelacomunidad.com\/wp-content\/uploads\/2025\/10\/16-1.jpg\" alt=\"\" srcset=\"https:\/\/elreporterodelacomunidad.com\/wp-content\/uploads\/2025\/10\/16-1.jpg 1575w, https:\/\/elreporterodelacomunidad.com\/wp-content\/uploads\/2025\/10\/16-1-300x163.jpg 300w, https:\/\/elreporterodelacomunidad.com\/wp-content\/uploads\/2025\/10\/16-1-1024x556.jpg 1024w, https:\/\/elreporterodelacomunidad.com\/wp-content\/uploads\/2025\/10\/16-1-768x417.jpg 768w, https:\/\/elreporterodelacomunidad.com\/wp-content\/uploads\/2025\/10\/16-1-1536x834.jpg 1536w, https:\/\/elreporterodelacomunidad.com\/wp-content\/uploads\/2025\/10\/16-1-750x407.jpg 750w, https:\/\/elreporterodelacomunidad.com\/wp-content\/uploads\/2025\/10\/16-1-1140x619.jpg 1140w\" sizes=\"auto, (max-width: 500px) 100vw, 500px\" \/><\/p>\n","protected":false},"excerpt":{"rendered":"<p>Hermosillo, Sonora a 20 de octubre de 2025.- Con una inversi\u00f3n de m\u00e1s de 26 millones de pesos , la Universidad de Sonora inaugur\u00f3 oficialmente el edificio 13-A del Departamento de Lenguas Extranjeras , un nuevo espacio acad\u00e9mico que fortalecer\u00e1 la formaci\u00f3n ling\u00fc\u00edstica y cultural de miles de estudiantes.La ceremonia estuvo encabezada por la rectora [&hellip;]<\/p>\n","protected":false},"author":2,"featured_media":23896,"comment_status":"open","ping_status":"open","sticky":false,"template":"","format":"standard","meta":{"footnotes":""},"categories":[36],"tags":[],"class_list":["post-23895","post","type-post","status-publish","format-standard","has-post-thumbnail","hentry","category-educacion"],"_links":{"self":[{"href":"https:\/\/elreporterodelacomunidad.com\/index.php\/wp-json\/wp\/v2\/posts\/23895","targetHints":{"allow":["GET"]}}],"collection":[{"href":"https:\/\/elreporterodelacomunidad.com\/index.php\/wp-json\/wp\/v2\/posts"}],"about":[{"href":"https:\/\/elreporterodelacomunidad.com\/index.php\/wp-json\/wp\/v2\/types\/post"}],"author":[{"embeddable":true,"href":"https:\/\/elreporterodelacomunidad.com\/index.php\/wp-json\/wp\/v2\/users\/2"}],"replies":[{"embeddable":true,"href":"https:\/\/elreporterodelacomunidad.com\/index.php\/wp-json\/wp\/v2\/comments?post=23895"}],"version-history":[{"count":1,"href":"https:\/\/elreporterodelacomunidad.com\/index.php\/wp-json\/wp\/v2\/posts\/23895\/revisions"}],"predecessor-version":[{"id":23898,"href":"https:\/\/elreporterodelacomunidad.com\/index.php\/wp-json\/wp\/v2\/posts\/23895\/revisions\/23898"}],"wp:featuredmedia":[{"embeddable":true,"href":"https:\/\/elreporterodelacomunidad.com\/index.php\/wp-json\/wp\/v2\/media\/23896"}],"wp:attachment":[{"href":"https:\/\/elreporterodelacomunidad.com\/index.php\/wp-json\/wp\/v2\/media?parent=23895"}],"wp:term":[{"taxonomy":"category","embeddable":true,"href":"https:\/\/elreporterodelacomunidad.com\/index.php\/wp-json\/wp\/v2\/categories?post=23895"},{"taxonomy":"post_tag","embeddable":true,"href":"https:\/\/elreporterodelacomunidad.com\/index.php\/wp-json\/wp\/v2\/tags?post=23895"}],"curies":[{"name":"wp","href":"https:\/\/api.w.org\/{rel}","templated":true}]}}