{"id":23874,"date":"2025-10-20T19:26:22","date_gmt":"2025-10-21T02:26:22","guid":{"rendered":"https:\/\/elreporterodelacomunidad.com\/?p=23874"},"modified":"2025-10-20T19:26:26","modified_gmt":"2025-10-21T02:26:26","slug":"ctm-sonora-presenta-el-libro-sindicalismo-de-la-ctm-en-sonora-grandes-luchas-crecimiento-y-fortaleza-1982-2025","status":"publish","type":"post","link":"https:\/\/elreporterodelacomunidad.com\/index.php\/2025\/10\/20\/ctm-sonora-presenta-el-libro-sindicalismo-de-la-ctm-en-sonora-grandes-luchas-crecimiento-y-fortaleza-1982-2025\/","title":{"rendered":"CTM Sonora presenta el libro \u201cSindicalismo de la CTM en Sonora. Grandes luchas, crecimiento y fortaleza (1982\u20132025)\u201d."},"content":{"rendered":"\n<p>Hermosillo,Sonora a 20 de octubre de 2025.- La Confederaci\u00f3n de Trabajadores de M\u00e9xico (CTM) en Sonora presentar\u00e1 la obra \u201cSindicalismo de la CTM en Sonora. Grandes luchas, crecimiento y fortaleza. 1982\u20132025\u201d, un testimonio del papel que el movimiento obrero ha desempe\u00f1ado en el desarrollo econ\u00f3mico y social de la entidad.<\/p>\n\n\n\n<p>A lo largo de sus p\u00e1ginas, el libro ofrece una mirada profunda al esfuerzo colectivo de miles de trabajadoras y trabajadores que, durante m\u00e1s de cuarenta a\u00f1os, han contribuido a la construcci\u00f3n de un sindicalismo moderno, solidario y comprometido con la justicia laboral.<\/p>\n\n\n\n<p>En este sentido, el dirigente estatal de la CTM, Javier Villarreal G\u00e1mez, destac\u00f3 que esta publicaci\u00f3n \u201crepresenta un reconocimiento al trabajo constante, a las conquistas logradas y a la perseverancia de quienes han hecho del sindicalismo una fuerza viva en la transformaci\u00f3n de Sonora\u201d.<\/p>\n\n\n\n<p>Asimismo, su contenido refleja la lucha por mejores condiciones de vida, la dignificaci\u00f3n del trabajo y la defensa de los derechos de las y los trabajadores, pilares sobre los que la CTM ha consolidado su presencia y liderazgo en la entidad, fortaleciendo a su vez la relaci\u00f3n con el sector empresarial, intelectual, los medios de comunicaci\u00f3n y la clase pol\u00edtica.<\/p>\n\n\n\n<p>Por otra parte, durante la presentaci\u00f3n participar\u00e1n como comentaristas la Presidenta de la Sociedad Sonorense de Historia, Pamela Corella Romero; el reconocido empresario y pol\u00edtico, Roberto Ruibal Astiazar\u00e1n; y el destacado periodista, Hilario Olea Ruiz, quienes compartir\u00e1n su visi\u00f3n sobre la relevancia hist\u00f3rica y social de esta obra.<\/p>\n\n\n\n<p>La cita es el pr\u00f3ximo jueves 23 de octubre a las 17:30 horas, en el Sal\u00f3n de Eventos del Instituto de Capacitaci\u00f3n CTM, ubicado en Fidel Vel\u00e1zquez s\/n, Colonia Hacienda de la Flor, en Hermosillo, Sonora.<\/p>\n\n\n\n<p class=\"has-text-align-center\"><img loading=\"lazy\" decoding=\"async\" width=\"500\" height=\"500\" class=\"wp-image-23876\" style=\"width: 500px;\" src=\"https:\/\/elreporterodelacomunidad.com\/wp-content\/uploads\/2025\/10\/6-6-scaled.jpg\" alt=\"\" srcset=\"https:\/\/elreporterodelacomunidad.com\/wp-content\/uploads\/2025\/10\/6-6-scaled.jpg 2560w, https:\/\/elreporterodelacomunidad.com\/wp-content\/uploads\/2025\/10\/6-6-300x300.jpg 300w, https:\/\/elreporterodelacomunidad.com\/wp-content\/uploads\/2025\/10\/6-6-1024x1024.jpg 1024w, https:\/\/elreporterodelacomunidad.com\/wp-content\/uploads\/2025\/10\/6-6-150x150.jpg 150w, https:\/\/elreporterodelacomunidad.com\/wp-content\/uploads\/2025\/10\/6-6-768x768.jpg 768w, https:\/\/elreporterodelacomunidad.com\/wp-content\/uploads\/2025\/10\/6-6-1536x1536.jpg 1536w, https:\/\/elreporterodelacomunidad.com\/wp-content\/uploads\/2025\/10\/6-6-2048x2048.jpg 2048w, https:\/\/elreporterodelacomunidad.com\/wp-content\/uploads\/2025\/10\/6-6-75x75.jpg 75w, https:\/\/elreporterodelacomunidad.com\/wp-content\/uploads\/2025\/10\/6-6-350x350.jpg 350w, https:\/\/elreporterodelacomunidad.com\/wp-content\/uploads\/2025\/10\/6-6-750x750.jpg 750w, https:\/\/elreporterodelacomunidad.com\/wp-content\/uploads\/2025\/10\/6-6-1140x1140.jpg 1140w\" sizes=\"auto, (max-width: 500px) 100vw, 500px\" \/><\/p>\n","protected":false},"excerpt":{"rendered":"<p>Hermosillo,Sonora a 20 de octubre de 2025.- La Confederaci\u00f3n de Trabajadores de M\u00e9xico (CTM) en Sonora presentar\u00e1 la obra \u201cSindicalismo de la CTM en Sonora. Grandes luchas, crecimiento y fortaleza. 1982\u20132025\u201d, un testimonio del papel que el movimiento obrero ha desempe\u00f1ado en el desarrollo econ\u00f3mico y social de la entidad. A lo largo de sus [&hellip;]<\/p>\n","protected":false},"author":2,"featured_media":23875,"comment_status":"open","ping_status":"open","sticky":false,"template":"","format":"standard","meta":{"footnotes":""},"categories":[41],"tags":[],"class_list":["post-23874","post","type-post","status-publish","format-standard","has-post-thumbnail","hentry","category-cultura"],"_links":{"self":[{"href":"https:\/\/elreporterodelacomunidad.com\/index.php\/wp-json\/wp\/v2\/posts\/23874","targetHints":{"allow":["GET"]}}],"collection":[{"href":"https:\/\/elreporterodelacomunidad.com\/index.php\/wp-json\/wp\/v2\/posts"}],"about":[{"href":"https:\/\/elreporterodelacomunidad.com\/index.php\/wp-json\/wp\/v2\/types\/post"}],"author":[{"embeddable":true,"href":"https:\/\/elreporterodelacomunidad.com\/index.php\/wp-json\/wp\/v2\/users\/2"}],"replies":[{"embeddable":true,"href":"https:\/\/elreporterodelacomunidad.com\/index.php\/wp-json\/wp\/v2\/comments?post=23874"}],"version-history":[{"count":1,"href":"https:\/\/elreporterodelacomunidad.com\/index.php\/wp-json\/wp\/v2\/posts\/23874\/revisions"}],"predecessor-version":[{"id":23877,"href":"https:\/\/elreporterodelacomunidad.com\/index.php\/wp-json\/wp\/v2\/posts\/23874\/revisions\/23877"}],"wp:featuredmedia":[{"embeddable":true,"href":"https:\/\/elreporterodelacomunidad.com\/index.php\/wp-json\/wp\/v2\/media\/23875"}],"wp:attachment":[{"href":"https:\/\/elreporterodelacomunidad.com\/index.php\/wp-json\/wp\/v2\/media?parent=23874"}],"wp:term":[{"taxonomy":"category","embeddable":true,"href":"https:\/\/elreporterodelacomunidad.com\/index.php\/wp-json\/wp\/v2\/categories?post=23874"},{"taxonomy":"post_tag","embeddable":true,"href":"https:\/\/elreporterodelacomunidad.com\/index.php\/wp-json\/wp\/v2\/tags?post=23874"}],"curies":[{"name":"wp","href":"https:\/\/api.w.org\/{rel}","templated":true}]}}