{"id":23755,"date":"2025-10-15T19:26:43","date_gmt":"2025-10-16T02:26:43","guid":{"rendered":"https:\/\/elreporterodelacomunidad.com\/?p=23755"},"modified":"2025-10-15T19:26:48","modified_gmt":"2025-10-16T02:26:48","slug":"gobernador-durazo-impulsa-transformacion-historica-en-hermosillo-paulina-ocana","status":"publish","type":"post","link":"https:\/\/elreporterodelacomunidad.com\/index.php\/2025\/10\/15\/gobernador-durazo-impulsa-transformacion-historica-en-hermosillo-paulina-ocana\/","title":{"rendered":"Gobernador Durazo impulsa transformaci\u00f3n hist\u00f3rica en Hermosillo: Paulina Oca\u00f1a."},"content":{"rendered":"\n<p>Hermosillo, Sonora a 15 de octubre de 2025.- En cuatro a\u00f1os de gobierno, el gobernador Alfonso Durazo ha destinado m\u00e1s de 4,800 millones de pesos para transformar el rostro de Hermosillo, con inversiones estrat\u00e9gicas en salud, deporte, agua, vialidades y espacios p\u00fablicos que mejoran la vida diaria de miles de familias.<\/p>\n\n\n\n<p>Paulina Oca\u00f1a, jefa de la Oficina del Ejecutivo Estatal, destac\u00f3 que gracias al impulso del mandatario estatal se han recuperado lugares emblem\u00e1ticos como La Sauceda, el Mercado Municipal y el Centro Hist\u00f3rico; adem\u00e1s de obras de gran impacto como el Acueducto Seri, el Bypass y la balsa que garantizan agua para todas y todos los hermosillenses.<\/p>\n\n\n\n<p>En materia de infraestructura social y cultural, el Hospital Universitario de Sonora, la Cineteca y la Biblioteca del Colegio de Sonora ya son una realidad, mientras que se avanza en proyectos como la ampliaci\u00f3n a cuatro carriles de la carretera Hermosillo\u2013Miguel Alem\u00e1n, el malec\u00f3n tur\u00edstico de Bah\u00eda de Kino y m\u00e1s de 2,500 nuevos hogares dentro del Programa Nacional de Vivienda para el Bienestar.<\/p>\n\n\n\n<p>Asimismo, se contempla la segunda y tercera etapa del Bosque Urbano La Sauceda, que incorporar\u00e1 150 hect\u00e1reas del Cerro de la Cementera y el rescate del Museo de la Burbuja, junto con la rehabilitaci\u00f3n integral de la Unidad Deportiva La Sauceda y el rescate de las instalaciones del CUM, incluida su alberca.<\/p>\n\n\n\n<p>Con estas acciones, el gobernador Alfonso Durazo consolida una verdadera transformaci\u00f3n sin precedentes en Hermosillo, garantizando bienestar, modernidad y mejores condiciones de vida para todas y todos sus habitantes.<\/p>\n\n\n\n<p class=\"has-text-align-center\"><img loading=\"lazy\" decoding=\"async\" width=\"500\" height=\"333\" class=\"wp-image-23757\" style=\"width: 500px;\" src=\"https:\/\/elreporterodelacomunidad.com\/wp-content\/uploads\/2025\/10\/1-7.jpg\" alt=\"\" srcset=\"https:\/\/elreporterodelacomunidad.com\/wp-content\/uploads\/2025\/10\/1-7.jpg 1600w, https:\/\/elreporterodelacomunidad.com\/wp-content\/uploads\/2025\/10\/1-7-300x200.jpg 300w, https:\/\/elreporterodelacomunidad.com\/wp-content\/uploads\/2025\/10\/1-7-1024x682.jpg 1024w, https:\/\/elreporterodelacomunidad.com\/wp-content\/uploads\/2025\/10\/1-7-768x512.jpg 768w, https:\/\/elreporterodelacomunidad.com\/wp-content\/uploads\/2025\/10\/1-7-1536x1023.jpg 1536w, https:\/\/elreporterodelacomunidad.com\/wp-content\/uploads\/2025\/10\/1-7-750x500.jpg 750w, https:\/\/elreporterodelacomunidad.com\/wp-content\/uploads\/2025\/10\/1-7-1140x760.jpg 1140w\" sizes=\"auto, (max-width: 500px) 100vw, 500px\" \/><\/p>\n","protected":false},"excerpt":{"rendered":"<p>Hermosillo, Sonora a 15 de octubre de 2025.- En cuatro a\u00f1os de gobierno, el gobernador Alfonso Durazo ha destinado m\u00e1s de 4,800 millones de pesos para transformar el rostro de Hermosillo, con inversiones estrat\u00e9gicas en salud, deporte, agua, vialidades y espacios p\u00fablicos que mejoran la vida diaria de miles de familias. Paulina Oca\u00f1a, jefa de [&hellip;]<\/p>\n","protected":false},"author":2,"featured_media":23756,"comment_status":"open","ping_status":"open","sticky":false,"template":"","format":"standard","meta":{"footnotes":""},"categories":[36],"tags":[],"class_list":["post-23755","post","type-post","status-publish","format-standard","has-post-thumbnail","hentry","category-educacion"],"_links":{"self":[{"href":"https:\/\/elreporterodelacomunidad.com\/index.php\/wp-json\/wp\/v2\/posts\/23755","targetHints":{"allow":["GET"]}}],"collection":[{"href":"https:\/\/elreporterodelacomunidad.com\/index.php\/wp-json\/wp\/v2\/posts"}],"about":[{"href":"https:\/\/elreporterodelacomunidad.com\/index.php\/wp-json\/wp\/v2\/types\/post"}],"author":[{"embeddable":true,"href":"https:\/\/elreporterodelacomunidad.com\/index.php\/wp-json\/wp\/v2\/users\/2"}],"replies":[{"embeddable":true,"href":"https:\/\/elreporterodelacomunidad.com\/index.php\/wp-json\/wp\/v2\/comments?post=23755"}],"version-history":[{"count":1,"href":"https:\/\/elreporterodelacomunidad.com\/index.php\/wp-json\/wp\/v2\/posts\/23755\/revisions"}],"predecessor-version":[{"id":23758,"href":"https:\/\/elreporterodelacomunidad.com\/index.php\/wp-json\/wp\/v2\/posts\/23755\/revisions\/23758"}],"wp:featuredmedia":[{"embeddable":true,"href":"https:\/\/elreporterodelacomunidad.com\/index.php\/wp-json\/wp\/v2\/media\/23756"}],"wp:attachment":[{"href":"https:\/\/elreporterodelacomunidad.com\/index.php\/wp-json\/wp\/v2\/media?parent=23755"}],"wp:term":[{"taxonomy":"category","embeddable":true,"href":"https:\/\/elreporterodelacomunidad.com\/index.php\/wp-json\/wp\/v2\/categories?post=23755"},{"taxonomy":"post_tag","embeddable":true,"href":"https:\/\/elreporterodelacomunidad.com\/index.php\/wp-json\/wp\/v2\/tags?post=23755"}],"curies":[{"name":"wp","href":"https:\/\/api.w.org\/{rel}","templated":true}]}}