{"id":23709,"date":"2025-10-14T15:55:02","date_gmt":"2025-10-14T22:55:02","guid":{"rendered":"https:\/\/elreporterodelacomunidad.com\/?p=23709"},"modified":"2025-10-14T15:55:04","modified_gmt":"2025-10-14T22:55:04","slug":"sin-reportes-de-reposicion-de-uniformes-escolares-tras-paso-del-ciclon-raymond-en-sonora","status":"publish","type":"post","link":"https:\/\/elreporterodelacomunidad.com\/index.php\/2025\/10\/14\/sin-reportes-de-reposicion-de-uniformes-escolares-tras-paso-del-ciclon-raymond-en-sonora\/","title":{"rendered":"Sin reportes de reposici\u00f3n de uniformes escolares tras paso del cicl\u00f3n Raymond en Sonora"},"content":{"rendered":"\n<p>Alrededor de 10 escuelas presentaron afectaciones menores por el paso de la tormenta tropical.<\/p>\n\n\n\n<p>Hermosillo, Sonora a 14 de octubre de 2025.- De ser necesario, la Secretar\u00eda de Educaci\u00f3n y Cultura (SEC) repondr\u00e1 los uniformes escolares gratuitos que se hayan perdido por el paso del fen\u00f3meno meteorol\u00f3gico \u201cRaymond\u201d, as\u00ed lo dio a conocer Froyl\u00e1n G\u00e1mez Gamboa.<\/p>\n\n\n\n<p>El titular de la SEC declar\u00f3 que, al momento no hay reportes de p\u00e9rdidas de uniformes, libros o \u00fatiles escolares por parte de estudiantes en donde se presentaron las lluvias durante el pasado fin de semana.<\/p>\n\n\n\n<p>Record\u00f3 que la dependencia educativa siempre se encuentra con la disposici\u00f3n de poder atender reposiciones al alumnado, tal y como sucedi\u00f3 con la tormenta tropical \u201cLorena\u201d, que despu\u00e9s de su paso se repusieron 700 uniformes escolares, principalmente en el sur del estado.<\/p>\n\n\n\n<p>\u00bfC\u00f3mo siguen las afectaciones en planteles educativos?<\/p>\n\n\n\n<p>El funcionario estatal declar\u00f3 que son alrededor de 10 escuelas en el estado las que presentaron afectaciones menores por el paso de la tormenta tropical \u201cRaymond\u201d.<\/p>\n\n\n\n<p>Destac\u00f3 que se contin\u00faa trabajando en las afectaciones, las cuales fueron m\u00ednimas en el municipio de Cananea, donde se presentaron no s\u00f3lo en escuelas de educaci\u00f3n b\u00e1sica sino tambi\u00e9n en un plantel de educaci\u00f3n media superior.<\/p>\n\n\n\n<p>As\u00ed mismo, expuso que en el municipio de \u00cdmuris, Nogales, Ures, Guaymas y Empalme se atienden afectaciones menores, sin p\u00e9rdidas humanas que lamentar.<\/p>\n\n\n\n<p>\u201cEstuvimos muy pendientes con nuestros delegados y los supervisores y jefes de zona, nuestra estructura de educaci\u00f3n b\u00e1sica para dar atenci\u00f3n prioritaria en donde hubiera incidentes con nuestras escuelas\u201d, coment\u00f3.<\/p>\n\n\n\n<p>Para finalizar, G\u00e1mez Gamboa se\u00f1al\u00f3 que las cinco escuelas que fung\u00edan como albergues ya fueron liberadas de esta funci\u00f3n.<\/p>\n","protected":false},"excerpt":{"rendered":"<p>Alrededor de 10 escuelas presentaron afectaciones menores por el paso de la tormenta tropical. Hermosillo, Sonora a 14 de octubre de 2025.- De ser necesario, la Secretar\u00eda de Educaci\u00f3n y Cultura (SEC) repondr\u00e1 los uniformes escolares gratuitos que se hayan perdido por el paso del fen\u00f3meno meteorol\u00f3gico \u201cRaymond\u201d, as\u00ed lo dio a conocer Froyl\u00e1n G\u00e1mez [&hellip;]<\/p>\n","protected":false},"author":1,"featured_media":23710,"comment_status":"open","ping_status":"open","sticky":false,"template":"","format":"standard","meta":{"footnotes":""},"categories":[36],"tags":[],"class_list":["post-23709","post","type-post","status-publish","format-standard","has-post-thumbnail","hentry","category-educacion"],"_links":{"self":[{"href":"https:\/\/elreporterodelacomunidad.com\/index.php\/wp-json\/wp\/v2\/posts\/23709","targetHints":{"allow":["GET"]}}],"collection":[{"href":"https:\/\/elreporterodelacomunidad.com\/index.php\/wp-json\/wp\/v2\/posts"}],"about":[{"href":"https:\/\/elreporterodelacomunidad.com\/index.php\/wp-json\/wp\/v2\/types\/post"}],"author":[{"embeddable":true,"href":"https:\/\/elreporterodelacomunidad.com\/index.php\/wp-json\/wp\/v2\/users\/1"}],"replies":[{"embeddable":true,"href":"https:\/\/elreporterodelacomunidad.com\/index.php\/wp-json\/wp\/v2\/comments?post=23709"}],"version-history":[{"count":1,"href":"https:\/\/elreporterodelacomunidad.com\/index.php\/wp-json\/wp\/v2\/posts\/23709\/revisions"}],"predecessor-version":[{"id":23711,"href":"https:\/\/elreporterodelacomunidad.com\/index.php\/wp-json\/wp\/v2\/posts\/23709\/revisions\/23711"}],"wp:featuredmedia":[{"embeddable":true,"href":"https:\/\/elreporterodelacomunidad.com\/index.php\/wp-json\/wp\/v2\/media\/23710"}],"wp:attachment":[{"href":"https:\/\/elreporterodelacomunidad.com\/index.php\/wp-json\/wp\/v2\/media?parent=23709"}],"wp:term":[{"taxonomy":"category","embeddable":true,"href":"https:\/\/elreporterodelacomunidad.com\/index.php\/wp-json\/wp\/v2\/categories?post=23709"},{"taxonomy":"post_tag","embeddable":true,"href":"https:\/\/elreporterodelacomunidad.com\/index.php\/wp-json\/wp\/v2\/tags?post=23709"}],"curies":[{"name":"wp","href":"https:\/\/api.w.org\/{rel}","templated":true}]}}