{"id":23664,"date":"2025-10-14T14:42:31","date_gmt":"2025-10-14T21:42:31","guid":{"rendered":"https:\/\/elreporterodelacomunidad.com\/?p=23664"},"modified":"2025-10-14T14:42:33","modified_gmt":"2025-10-14T21:42:33","slug":"invita-gobierno-municipal-de-hermosillo-a-participar-en-la-copa-umpam-2025","status":"publish","type":"post","link":"https:\/\/elreporterodelacomunidad.com\/index.php\/2025\/10\/14\/invita-gobierno-municipal-de-hermosillo-a-participar-en-la-copa-umpam-2025\/","title":{"rendered":"Invita Gobierno Municipal de Hermosillo a participar en la copa UMPAM 2025"},"content":{"rendered":"\n<p>La invitaci\u00f3n a ser parte de este torneo de f\u00fatbol es a equipos de escuelas y clubes en la categor\u00eda Sub-17.<\/p>\n\n\n\n<p>Hermosillo, Sonora a 14 de octubre de 2025.- La Unidad Municipal de Aplicaci\u00f3n de Medidas a Menores Infractores lanz\u00f3 la convocatoria a los equipos interesados en participar en la copa UMPAM 2025, a celebrarse en las canchas del complejo deportivo y recreativo El C\u00e1rcamo del 1 de noviembre al 13 de diciembre pr\u00f3ximos.<\/p>\n\n\n\n<p>Martha Gabriela Flores Contreras, titular de la UMPAM explic\u00f3 que ser\u00e1 la novena edici\u00f3n de este evento deportivo, en el cual 2 equipos integrados por menores que cometieron faltas administrativas y ya cumplieron su servicio comunitario competir\u00e1n con equipos invitados, ya sea de escuelas, grupo de amigos o clubes deportivos.<\/p>\n\n\n\n<p>A cambio de la inscripci\u00f3n, cuya fecha l\u00edmite es el 27 de octubre pr\u00f3ximo, se solicitar\u00e1 a cada jugador o jugadora un kilo de frijol y la cantidad de alimento que se re\u00fana se donar\u00e1 al comedor comunitario \u201cUnidos por Miguel Alem\u00e1n\u201d, en apoyo de la noble labor que realiza en beneficio de esa comunidad, mencion\u00f3.<\/p>\n\n\n\n<p>Las inscripciones ser\u00e1n v\u00eda telef\u00f3nica en los n\u00fameros 6624 74 33 37, 6621 82 00 31 y 6622 89 50 14, para j\u00f3venes de entre 14 y 17 a\u00f1os de edad.<\/p>\n\n\n\n<p>\u201cEl objetivo de este torneo y de las actividades que realizamos es seguir trabajando en la reinserci\u00f3n social de nuestros adolescentes, la prevenci\u00f3n social para nuestros j\u00f3venes y la sana convivencia\u201d, resumi\u00f3.<\/p>\n\n\n\n<p>Hizo notar que los gastos propios del torneo corren por cuenta de las empresas patrocinadoras Tomaz\u00f3n Autopartes, Recicladora Barriochulo, Calidra y Cumming Autopartes.<\/p>\n\n\n\n<p>En la edici\u00f3n anterior de la copa de f\u00fatbol UMPAM participaron 12 equipos y la meta de este 2025 es que participen 16, en partidos matutinos que ser\u00e1n los s\u00e1bados de las 7:00 a las 13:00 horas, del 1 de noviembre al 15 de diciembre de 2025, finaliz\u00f3 Martha Gabriela Flores.<\/p>\n","protected":false},"excerpt":{"rendered":"<p>La invitaci\u00f3n a ser parte de este torneo de f\u00fatbol es a equipos de escuelas y clubes en la categor\u00eda Sub-17. Hermosillo, Sonora a 14 de octubre de 2025.- La Unidad Municipal de Aplicaci\u00f3n de Medidas a Menores Infractores lanz\u00f3 la convocatoria a los equipos interesados en participar en la copa UMPAM 2025, a celebrarse [&hellip;]<\/p>\n","protected":false},"author":5,"featured_media":23665,"comment_status":"open","ping_status":"open","sticky":false,"template":"","format":"standard","meta":{"footnotes":""},"categories":[33],"tags":[],"class_list":["post-23664","post","type-post","status-publish","format-standard","has-post-thumbnail","hentry","category-deportes"],"_links":{"self":[{"href":"https:\/\/elreporterodelacomunidad.com\/index.php\/wp-json\/wp\/v2\/posts\/23664","targetHints":{"allow":["GET"]}}],"collection":[{"href":"https:\/\/elreporterodelacomunidad.com\/index.php\/wp-json\/wp\/v2\/posts"}],"about":[{"href":"https:\/\/elreporterodelacomunidad.com\/index.php\/wp-json\/wp\/v2\/types\/post"}],"author":[{"embeddable":true,"href":"https:\/\/elreporterodelacomunidad.com\/index.php\/wp-json\/wp\/v2\/users\/5"}],"replies":[{"embeddable":true,"href":"https:\/\/elreporterodelacomunidad.com\/index.php\/wp-json\/wp\/v2\/comments?post=23664"}],"version-history":[{"count":1,"href":"https:\/\/elreporterodelacomunidad.com\/index.php\/wp-json\/wp\/v2\/posts\/23664\/revisions"}],"predecessor-version":[{"id":23666,"href":"https:\/\/elreporterodelacomunidad.com\/index.php\/wp-json\/wp\/v2\/posts\/23664\/revisions\/23666"}],"wp:featuredmedia":[{"embeddable":true,"href":"https:\/\/elreporterodelacomunidad.com\/index.php\/wp-json\/wp\/v2\/media\/23665"}],"wp:attachment":[{"href":"https:\/\/elreporterodelacomunidad.com\/index.php\/wp-json\/wp\/v2\/media?parent=23664"}],"wp:term":[{"taxonomy":"category","embeddable":true,"href":"https:\/\/elreporterodelacomunidad.com\/index.php\/wp-json\/wp\/v2\/categories?post=23664"},{"taxonomy":"post_tag","embeddable":true,"href":"https:\/\/elreporterodelacomunidad.com\/index.php\/wp-json\/wp\/v2\/tags?post=23664"}],"curies":[{"name":"wp","href":"https:\/\/api.w.org\/{rel}","templated":true}]}}