{"id":23615,"date":"2025-10-13T13:16:06","date_gmt":"2025-10-13T20:16:06","guid":{"rendered":"https:\/\/elreporterodelacomunidad.com\/?p=23615"},"modified":"2025-10-13T13:16:16","modified_gmt":"2025-10-13T20:16:16","slug":"alumna-de-cecyte-conquista-subcampeonato-internacional-de-box-en-espana-gobierno-de-sonora","status":"publish","type":"post","link":"https:\/\/elreporterodelacomunidad.com\/index.php\/2025\/10\/13\/alumna-de-cecyte-conquista-subcampeonato-internacional-de-box-en-espana-gobierno-de-sonora\/","title":{"rendered":"Alumna de Cecyte conquista subcampeonato internacional de box en Espa\u00f1a: Gobierno de Sonora"},"content":{"rendered":"\n<p>Hermosillo, Sonora a 13 de octubre de 2025.- Gabriela Hern\u00e1ndez Araujo, alumna del Colegio de Estudios Cient\u00edficos y Tecnol\u00f3gicos del Estado de Sonora (Cecyte), plantel Esperanza, represent\u00f3 con orgullo a Sonora y a M\u00e9xico en el Torneo Boxam Internacional, realizado en Espa\u00f1a del 6 al 12 de octubre.<\/p>\n\n\n\n<p>Este torneo es reconocido como uno de los m\u00e1s prestigiosos de Europa y re\u00fane a los mejores exponentes del boxeo. En esta competencia de alto nivel, Gabriela tuvo una actuaci\u00f3n sobresaliente, logrando conquistar la medalla de plata y colocando en alto el nombre de Sonora, M\u00e9xico y de Cecyte.<\/p>\n\n\n\n<p>La directora general de Cecyte, Blanca Aurelia Valenzuela, destac\u00f3 el esfuerzo y la dedicaci\u00f3n de la joven deportista, resaltando que su logro es un ejemplo del compromiso, la perseverancia y el talento que caracteriza a las y los estudiantes del subsistema.<\/p>\n\n\n\n<p>Por su parte, Gabriela expres\u00f3: \u201cNo fue el resultado que esperaba, pero fue una derrota con sabor a victoria, llena de aprendizajes y motivaci\u00f3n para seguir mejorando.\u201d La estudiante continuar\u00e1 prepar\u00e1ndose para futuros encuentros, con la misma determinaci\u00f3n y pasi\u00f3n por el boxeo que la han caracterizado.<\/p>\n\n\n\n<p>Cecyte reafirma el compromiso del Gobierno de Sonora con la educaci\u00f3n y el deporte, impulsando as\u00ed el talento y abriendo nuevas oportunidades para el desarrollo de la juventud sonorense.<\/p>\n\n\n\n<p class=\"has-text-align-center\"><img loading=\"lazy\" decoding=\"async\" width=\"500\" height=\"382\" class=\"wp-image-23617\" style=\"width: 500px;\" src=\"https:\/\/elreporterodelacomunidad.com\/wp-content\/uploads\/2025\/10\/2e3c72e3-281d-47df-bf59-c2821c42b7aa.jpg\" alt=\"\" srcset=\"https:\/\/elreporterodelacomunidad.com\/wp-content\/uploads\/2025\/10\/2e3c72e3-281d-47df-bf59-c2821c42b7aa.jpg 1280w, https:\/\/elreporterodelacomunidad.com\/wp-content\/uploads\/2025\/10\/2e3c72e3-281d-47df-bf59-c2821c42b7aa-300x229.jpg 300w, https:\/\/elreporterodelacomunidad.com\/wp-content\/uploads\/2025\/10\/2e3c72e3-281d-47df-bf59-c2821c42b7aa-1024x782.jpg 1024w, https:\/\/elreporterodelacomunidad.com\/wp-content\/uploads\/2025\/10\/2e3c72e3-281d-47df-bf59-c2821c42b7aa-768x586.jpg 768w, https:\/\/elreporterodelacomunidad.com\/wp-content\/uploads\/2025\/10\/2e3c72e3-281d-47df-bf59-c2821c42b7aa-750x572.jpg 750w, https:\/\/elreporterodelacomunidad.com\/wp-content\/uploads\/2025\/10\/2e3c72e3-281d-47df-bf59-c2821c42b7aa-1140x870.jpg 1140w\" sizes=\"auto, (max-width: 500px) 100vw, 500px\" \/><\/p>\n","protected":false},"excerpt":{"rendered":"<p>Hermosillo, Sonora a 13 de octubre de 2025.- Gabriela Hern\u00e1ndez Araujo, alumna del Colegio de Estudios Cient\u00edficos y Tecnol\u00f3gicos del Estado de Sonora (Cecyte), plantel Esperanza, represent\u00f3 con orgullo a Sonora y a M\u00e9xico en el Torneo Boxam Internacional, realizado en Espa\u00f1a del 6 al 12 de octubre. Este torneo es reconocido como uno de [&hellip;]<\/p>\n","protected":false},"author":5,"featured_media":23616,"comment_status":"open","ping_status":"open","sticky":false,"template":"","format":"standard","meta":{"footnotes":""},"categories":[33],"tags":[],"class_list":["post-23615","post","type-post","status-publish","format-standard","has-post-thumbnail","hentry","category-deportes"],"_links":{"self":[{"href":"https:\/\/elreporterodelacomunidad.com\/index.php\/wp-json\/wp\/v2\/posts\/23615","targetHints":{"allow":["GET"]}}],"collection":[{"href":"https:\/\/elreporterodelacomunidad.com\/index.php\/wp-json\/wp\/v2\/posts"}],"about":[{"href":"https:\/\/elreporterodelacomunidad.com\/index.php\/wp-json\/wp\/v2\/types\/post"}],"author":[{"embeddable":true,"href":"https:\/\/elreporterodelacomunidad.com\/index.php\/wp-json\/wp\/v2\/users\/5"}],"replies":[{"embeddable":true,"href":"https:\/\/elreporterodelacomunidad.com\/index.php\/wp-json\/wp\/v2\/comments?post=23615"}],"version-history":[{"count":1,"href":"https:\/\/elreporterodelacomunidad.com\/index.php\/wp-json\/wp\/v2\/posts\/23615\/revisions"}],"predecessor-version":[{"id":23618,"href":"https:\/\/elreporterodelacomunidad.com\/index.php\/wp-json\/wp\/v2\/posts\/23615\/revisions\/23618"}],"wp:featuredmedia":[{"embeddable":true,"href":"https:\/\/elreporterodelacomunidad.com\/index.php\/wp-json\/wp\/v2\/media\/23616"}],"wp:attachment":[{"href":"https:\/\/elreporterodelacomunidad.com\/index.php\/wp-json\/wp\/v2\/media?parent=23615"}],"wp:term":[{"taxonomy":"category","embeddable":true,"href":"https:\/\/elreporterodelacomunidad.com\/index.php\/wp-json\/wp\/v2\/categories?post=23615"},{"taxonomy":"post_tag","embeddable":true,"href":"https:\/\/elreporterodelacomunidad.com\/index.php\/wp-json\/wp\/v2\/tags?post=23615"}],"curies":[{"name":"wp","href":"https:\/\/api.w.org\/{rel}","templated":true}]}}