{"id":23607,"date":"2025-10-12T16:30:32","date_gmt":"2025-10-12T23:30:32","guid":{"rendered":"https:\/\/elreporterodelacomunidad.com\/?p=23607"},"modified":"2025-10-12T16:30:38","modified_gmt":"2025-10-12T23:30:38","slug":"con-jornada-de-8-medallad-termina-sonora-su-actuacion-en-el-nacional-de-paratletismo","status":"publish","type":"post","link":"https:\/\/elreporterodelacomunidad.com\/index.php\/2025\/10\/12\/con-jornada-de-8-medallad-termina-sonora-su-actuacion-en-el-nacional-de-paratletismo\/","title":{"rendered":"Con jornada de 8 medallad termina Sonora su actuaci\u00f3n en el Nacional de Paratletismo"},"content":{"rendered":"\n<p>En la sexta y \u00faltima sesi\u00f3n de competencias, los paratletas sonorense consiguieron tres oros, cuatro platas y un bronce<\/p>\n\n\n\n<p>Hermosillo, Sonora a 12 de octubre del 2025.- El paratletismo sonorense termin\u00f3 su participaci\u00f3n en la Paralimpiada Nacional Aguascalientes 2025 con una \u00faltima jornada en la que se agenci\u00f3 ocho medallas: tres de oro, cuatro de plata y un bronce.<\/p>\n\n\n\n<p>En la sexta sesi\u00f3n de actividades en la pista y campo del Estadio Ol\u00edmpico del IDEA, celebrada la tarde noche del viernes, Jes\u00fas Espericueta, de la categor\u00eda Juvenil Superior clasificaci\u00f3n F21, captur\u00f3 par de preseas doradas, una en salto de longitud (3.16) y la otra en lanzamiento de jabalina (17.48).<\/p>\n\n\n\n<p>Por su parte el lanzador Ram\u00f3n Godoy, de la Juvenil Mayor F25, complet\u00f3 la haza\u00f1a de conquistar preseas doradas en cada una de las tres pruebas en la que compiti\u00f3, luego de coronarse en jabalina (39.40). La tripleta \u00e1urea del sonorense incluy\u00f3 los oros en disco y bala.<\/p>\n\n\n\n<p>De las cuatro platas en el d\u00eda final de actividades, dos fueron en la Juvenil Mayor, mediante los lanzadores Jes\u00fas Sanez (bala F56\/57 con 7.61) y Karyme Rivera (disco F54\/55 con 10.93) y el otro par cay\u00f3 en la Juvenil Superior debido a las actuaciones de Karen Escobar (disco F37\/38 con 19.32) y Juan Olvera (salto de altura F45\/46\/47 con 1.47), misma categor\u00eda en la que Dyana G\u00e1mez (bala F42\/43\/44 con 7.58) obtuvo el \u00fanico bronce.<\/p>\n\n\n\n<p>En resumen, luego de finalizar el paratletismo en la pista y campo del Estadio Ol\u00edmpico del IDEA en la capital hidroc\u00e1lida, la delegaci\u00f3n Sonora logr\u00f3 un total de 54 medallas: 21 del m\u00e1ximo valor, 16 de color argento y 17 bronc\u00edneas.<\/p>\n\n\n\n<p class=\"has-text-align-center\"><img loading=\"lazy\" decoding=\"async\" width=\"500\" height=\"333\" class=\"wp-image-23609\" style=\"width: 500px;\" src=\"https:\/\/elreporterodelacomunidad.com\/wp-content\/uploads\/2025\/10\/1000795612.jpg\" alt=\"\" srcset=\"https:\/\/elreporterodelacomunidad.com\/wp-content\/uploads\/2025\/10\/1000795612.jpg 1200w, https:\/\/elreporterodelacomunidad.com\/wp-content\/uploads\/2025\/10\/1000795612-300x200.jpg 300w, https:\/\/elreporterodelacomunidad.com\/wp-content\/uploads\/2025\/10\/1000795612-1024x683.jpg 1024w, https:\/\/elreporterodelacomunidad.com\/wp-content\/uploads\/2025\/10\/1000795612-768x512.jpg 768w, https:\/\/elreporterodelacomunidad.com\/wp-content\/uploads\/2025\/10\/1000795612-750x500.jpg 750w, https:\/\/elreporterodelacomunidad.com\/wp-content\/uploads\/2025\/10\/1000795612-1140x760.jpg 1140w\" sizes=\"auto, (max-width: 500px) 100vw, 500px\" \/><\/p>\n","protected":false},"excerpt":{"rendered":"<p>En la sexta y \u00faltima sesi\u00f3n de competencias, los paratletas sonorense consiguieron tres oros, cuatro platas y un bronce Hermosillo, Sonora a 12 de octubre del 2025.- El paratletismo sonorense termin\u00f3 su participaci\u00f3n en la Paralimpiada Nacional Aguascalientes 2025 con una \u00faltima jornada en la que se agenci\u00f3 ocho medallas: tres de oro, cuatro de [&hellip;]<\/p>\n","protected":false},"author":5,"featured_media":23608,"comment_status":"open","ping_status":"open","sticky":false,"template":"","format":"standard","meta":{"footnotes":""},"categories":[33],"tags":[],"class_list":["post-23607","post","type-post","status-publish","format-standard","has-post-thumbnail","hentry","category-deportes"],"_links":{"self":[{"href":"https:\/\/elreporterodelacomunidad.com\/index.php\/wp-json\/wp\/v2\/posts\/23607","targetHints":{"allow":["GET"]}}],"collection":[{"href":"https:\/\/elreporterodelacomunidad.com\/index.php\/wp-json\/wp\/v2\/posts"}],"about":[{"href":"https:\/\/elreporterodelacomunidad.com\/index.php\/wp-json\/wp\/v2\/types\/post"}],"author":[{"embeddable":true,"href":"https:\/\/elreporterodelacomunidad.com\/index.php\/wp-json\/wp\/v2\/users\/5"}],"replies":[{"embeddable":true,"href":"https:\/\/elreporterodelacomunidad.com\/index.php\/wp-json\/wp\/v2\/comments?post=23607"}],"version-history":[{"count":1,"href":"https:\/\/elreporterodelacomunidad.com\/index.php\/wp-json\/wp\/v2\/posts\/23607\/revisions"}],"predecessor-version":[{"id":23610,"href":"https:\/\/elreporterodelacomunidad.com\/index.php\/wp-json\/wp\/v2\/posts\/23607\/revisions\/23610"}],"wp:featuredmedia":[{"embeddable":true,"href":"https:\/\/elreporterodelacomunidad.com\/index.php\/wp-json\/wp\/v2\/media\/23608"}],"wp:attachment":[{"href":"https:\/\/elreporterodelacomunidad.com\/index.php\/wp-json\/wp\/v2\/media?parent=23607"}],"wp:term":[{"taxonomy":"category","embeddable":true,"href":"https:\/\/elreporterodelacomunidad.com\/index.php\/wp-json\/wp\/v2\/categories?post=23607"},{"taxonomy":"post_tag","embeddable":true,"href":"https:\/\/elreporterodelacomunidad.com\/index.php\/wp-json\/wp\/v2\/tags?post=23607"}],"curies":[{"name":"wp","href":"https:\/\/api.w.org\/{rel}","templated":true}]}}