{"id":235,"date":"2024-05-13T00:00:00","date_gmt":"2024-05-13T07:00:00","guid":{"rendered":"https:\/\/elreporterodelacomunidad.com\/index.php\/2024\/05\/13\/luis-donaldo-colosio-riojas-llama-a-xochitl-galvez-y-alvarez-maynez-a-unirse-para-sacar-a-morena-del-poder\/"},"modified":"2024-05-18T21:52:45","modified_gmt":"2024-05-19T04:52:45","slug":"luis-donaldo-colosio-riojas-llama-a-xochitl-galvez-y-alvarez-maynez-a-unirse-para-sacar-a-morena-del-poder","status":"publish","type":"post","link":"https:\/\/elreporterodelacomunidad.com\/index.php\/2024\/05\/13\/luis-donaldo-colosio-riojas-llama-a-xochitl-galvez-y-alvarez-maynez-a-unirse-para-sacar-a-morena-del-poder\/","title":{"rendered":"Luis Donaldo Colosio Riojas llama a X\u00f3chitl G\u00e1lvez y \u00c1lvarez M\u00e1ynez a unirse para sacar a Morena del poder"},"content":{"rendered":"<p class=\"MsoNormal\">Al asegurar que \u201cM\u00e9xico es una responsabilidad m\u00e1s grande por encima de los partidos\u201d, Luis Donaldo Colosio Riojas, llam\u00f3 al segundo y tercer lugar de la contienda presidencial a unirse para evitar que Morena gobierne nuevamente el pa\u00eds.<\/p>\n<p class=\"MsoNormal\">\n<p class=\"MsoNormal\">\u201cTenemos una responsabilidad m\u00e1s grande por encima de los partidos que se llama M\u00e9xico. Hace tiempo, cuando las campa\u00f1as apenas estaban surgiendo, todav\u00eda est\u00e1bamos en periodo de precampa\u00f1a, hice un llamado a la cordura por parte de la oposici\u00f3n hacia el partido oficial: que quien estuviera abajo en las encuestas declinara a favor de quien estuviera arriba para poderle dar entonces una oportunidad de construir una oposici\u00f3n responsable al candidato o a la candidata a poner\u201d, explic\u00f3 el candidato al Senado de la Rep\u00fablica por Movimiento Ciudadano (MC) en entrevista con Azucena Uresti.<\/p>\n<p class=\"MsoNormal\">Sobre esa l\u00ednea, al ser cuestionado por la periodista sobre si ese llamado a declinar era para Jorge \u00c1lvarez M\u00e1ynez, Colosio Riojas respondi\u00f3 que ve c\u00f3mo una posibilidad \u201chacer la construcci\u00f3n\u201d de un bloque opositor m\u00e1s amplio por el abanderado de su partido.<\/p>\n<p class=\"MsoNormal\">\u201cSi (Jorge \u00c1lvarez M\u00e1ynez) est\u00e1 interesado en hacer esa construcci\u00f3n, ser\u00eda una posibilidad. Si quiere continuar con eso hasta el final, pues se lo habremos de respetar. Al final del d\u00eda yo tambi\u00e9n me mantendr\u00e9 respetuoso de la decisi\u00f3n de todos los candidatos\u201d, dijo.<\/p>\n<p class=\"MsoNormal\">Luis Donaldo Colosio llam\u00f3, tanto a X\u00f3chitl G\u00e1lvez como a \u00c1lvarez M\u00e1ynez a pensar en el rumbo del pa\u00eds m\u00e1s all\u00e1 de los intereses pol\u00edticos y personales, pues la \u00fanica posibilidad real de sacar a Morena del poder es \u201ccrear una oposici\u00f3n responsable\u201d.<\/p>\n<p class=\"MsoNormal\">\u201cSe lo hago a ambos candidatos, no s\u00e9 hasta qu\u00e9 punto quieran extender esta lucha, pero realmente espero que al final del d\u00eda pues la gente tambi\u00e9n vote con plenitud de conciencia por el proyecto que m\u00e1s les convenza. Sobre todo que sepa que no est\u00e1 nada m\u00e1s eligiendo representantes. A ver, estas elecciones son cruciales, porque se est\u00e1 definiendo el rumbo que va a tomar nuestro pa\u00eds\u201d, declar\u00f3.<\/p>\n<p class=\"MsoNormal\">Jorge \u00c1lvarez M\u00e1ynez: \u201cEs noticia falsa\u201d<\/p>\n<p class=\"MsoNormal\">A trav\u00e9s de cuenta de X, Jorge \u00c1lvarez M\u00e1ynez, candidato presidencial por Movimiento Ciudadano, se pronunci\u00f3 con respecto a las \u201cnoticias falsas\u201d que est\u00e1n circulando en donde Luis Donaldo Colosio Riojas, compa\u00f1ero de partido, hizo un llamado para que \u201cquien est\u00e9 debajo en las encuestas decline a favor del segundo lugar para dar la oportunidad de construir una oposici\u00f3n responsable en M\u00e9xico\u201d.<\/p>\n<p class=\"MsoNormal\">\u201cHoy, publican una noticia falsa donde supuestamente Colosio me pide \u2018declinar\u2019&#8221; escribi\u00f3 esta ma\u00f1ana pese a las declaraciones de Colosio Riojas en una entrevista con la periodista Azucena Uresti.<\/p>\n<p class=\"MsoNormal\">Adem\u00e1s, el emecista acus\u00f3 que ayer en un debate por la senadur\u00eda de Nuevo Le\u00f3n, la candidata del PRI-PAN, Karina Barr\u00f3n, se la pas\u00f3 insultando a Luis Donaldo llam\u00e1ndole \u201cahijado de Salinas\u201d, por lo que asegur\u00f3 que \u201ccada d\u00eda m\u00e1s desesperados. Entre m\u00e1s guerra sucia, m\u00e1s lo confirman: ya van en 3o\u201d.<\/p>\n","protected":false},"excerpt":{"rendered":"<p>El pol\u00edtico sonorense llam\u00f3 a los candidatos presidenciales a pensar en el rumbo del pa\u00eds, m\u00e1s all\u00e1 de los intereses pol\u00edticos y personales.<\/p>\n","protected":false},"author":1,"featured_media":593,"comment_status":"open","ping_status":"open","sticky":false,"template":"","format":"standard","meta":{"footnotes":""},"categories":[29],"tags":[],"class_list":["post-235","post","type-post","status-publish","format-standard","has-post-thumbnail","hentry","category-principalsecundaria"],"_links":{"self":[{"href":"https:\/\/elreporterodelacomunidad.com\/index.php\/wp-json\/wp\/v2\/posts\/235","targetHints":{"allow":["GET"]}}],"collection":[{"href":"https:\/\/elreporterodelacomunidad.com\/index.php\/wp-json\/wp\/v2\/posts"}],"about":[{"href":"https:\/\/elreporterodelacomunidad.com\/index.php\/wp-json\/wp\/v2\/types\/post"}],"author":[{"embeddable":true,"href":"https:\/\/elreporterodelacomunidad.com\/index.php\/wp-json\/wp\/v2\/users\/1"}],"replies":[{"embeddable":true,"href":"https:\/\/elreporterodelacomunidad.com\/index.php\/wp-json\/wp\/v2\/comments?post=235"}],"version-history":[{"count":1,"href":"https:\/\/elreporterodelacomunidad.com\/index.php\/wp-json\/wp\/v2\/posts\/235\/revisions"}],"predecessor-version":[{"id":592,"href":"https:\/\/elreporterodelacomunidad.com\/index.php\/wp-json\/wp\/v2\/posts\/235\/revisions\/592"}],"wp:featuredmedia":[{"embeddable":true,"href":"https:\/\/elreporterodelacomunidad.com\/index.php\/wp-json\/wp\/v2\/media\/593"}],"wp:attachment":[{"href":"https:\/\/elreporterodelacomunidad.com\/index.php\/wp-json\/wp\/v2\/media?parent=235"}],"wp:term":[{"taxonomy":"category","embeddable":true,"href":"https:\/\/elreporterodelacomunidad.com\/index.php\/wp-json\/wp\/v2\/categories?post=235"},{"taxonomy":"post_tag","embeddable":true,"href":"https:\/\/elreporterodelacomunidad.com\/index.php\/wp-json\/wp\/v2\/tags?post=235"}],"curies":[{"name":"wp","href":"https:\/\/api.w.org\/{rel}","templated":true}]}}