{"id":23492,"date":"2025-10-09T13:53:04","date_gmt":"2025-10-09T20:53:04","guid":{"rendered":"https:\/\/elreporterodelacomunidad.com\/?p=23492"},"modified":"2025-10-09T13:54:10","modified_gmt":"2025-10-09T20:54:10","slug":"gobernador-durazo-abre-convocatoria-de-beca-terapias-2025","status":"publish","type":"post","link":"https:\/\/elreporterodelacomunidad.com\/index.php\/2025\/10\/09\/gobernador-durazo-abre-convocatoria-de-beca-terapias-2025\/","title":{"rendered":"Abre SEC convocatoria de Beca-Terapias 2025"},"content":{"rendered":"\n<p>Disponible del 8 al 22 de octubre.<\/p>\n\n\n\n<p>Hermosillo, Sonora a 09 de octubre de 2025.- Cumpliendo su compromiso de mejorar la calidad de vida de todas las y los sonorenses, el gobernador Alfonso Durazo abri\u00f3 la convocatoria de Beca-Terapias para ni\u00f1as, ni\u00f1os, adolescentes y personas adultas que viven con trastorno del espectro autista, s\u00edndrome de Down y par\u00e1lisis cerebral.<\/p>\n\n\n\n<p>El registro de solicitudes es totalmente gratuito y sin necesidad de gestores y estar\u00e1 abierto del 8 al 22 de octubre para todas las personas que requieran una terapia. Las y los interesados podr\u00e1n consultar las bases y requisitos en el portal electr\u00f3nico del Instituto de Becas y Cr\u00e9dito Educativo del Estado de Sonora: https:\/\/becasycredito.sonora.gob.mx\/.<\/p>\n\n\n\n<p>El mandatario estatal destac\u00f3 la prioridad de este programa, el cual consiste en un apoyo econ\u00f3mico de 12 mil 500 pesos, que podr\u00e1 utilizarse \u00fanicamente en terapias de lenguaje, desarrollo cognitivo, socializaci\u00f3n y motricidad, avaladas por la Secretar\u00eda de Salud.<\/p>\n\n\n\n<p>Para recibir asistencia en el llenado de solicitudes, las personas interesadas pueden acudir a las oficinas centrales en Hermosillo (Calle Dr. Domingo Olivares No. 128, esquina con Paseo de la Paz, colonia Valle Grande), comunicarse al tel\u00e9fono 662 289 8700 o escribir al correo atencionausuarios@sonora.edu.mx.<\/p>\n\n\n\n<p>Asimismo, se cuenta con atenci\u00f3n en las sedes de Ciudad Obreg\u00f3n (Calle Sinaloa No. 666, entre 6 de Abril y Nicol\u00e1s Bravo, colonia Centro. Tel. 644 410 6300) y en Nogales (Calle Campillo No. 140, colonia Fundo Legal, en Oficinas Agencia Fiscal. Tel. 631 209 9476).<\/p>\n","protected":false},"excerpt":{"rendered":"<p>Disponible del 8 al 22 de octubre. Hermosillo, Sonora a 09 de octubre de 2025.- Cumpliendo su compromiso de mejorar la calidad de vida de todas las y los sonorenses, el gobernador Alfonso Durazo abri\u00f3 la convocatoria de Beca-Terapias para ni\u00f1as, ni\u00f1os, adolescentes y personas adultas que viven con trastorno del espectro autista, s\u00edndrome de [&hellip;]<\/p>\n","protected":false},"author":2,"featured_media":23493,"comment_status":"open","ping_status":"open","sticky":false,"template":"","format":"standard","meta":{"footnotes":""},"categories":[36],"tags":[],"class_list":["post-23492","post","type-post","status-publish","format-standard","has-post-thumbnail","hentry","category-educacion"],"_links":{"self":[{"href":"https:\/\/elreporterodelacomunidad.com\/index.php\/wp-json\/wp\/v2\/posts\/23492","targetHints":{"allow":["GET"]}}],"collection":[{"href":"https:\/\/elreporterodelacomunidad.com\/index.php\/wp-json\/wp\/v2\/posts"}],"about":[{"href":"https:\/\/elreporterodelacomunidad.com\/index.php\/wp-json\/wp\/v2\/types\/post"}],"author":[{"embeddable":true,"href":"https:\/\/elreporterodelacomunidad.com\/index.php\/wp-json\/wp\/v2\/users\/2"}],"replies":[{"embeddable":true,"href":"https:\/\/elreporterodelacomunidad.com\/index.php\/wp-json\/wp\/v2\/comments?post=23492"}],"version-history":[{"count":2,"href":"https:\/\/elreporterodelacomunidad.com\/index.php\/wp-json\/wp\/v2\/posts\/23492\/revisions"}],"predecessor-version":[{"id":23495,"href":"https:\/\/elreporterodelacomunidad.com\/index.php\/wp-json\/wp\/v2\/posts\/23492\/revisions\/23495"}],"wp:featuredmedia":[{"embeddable":true,"href":"https:\/\/elreporterodelacomunidad.com\/index.php\/wp-json\/wp\/v2\/media\/23493"}],"wp:attachment":[{"href":"https:\/\/elreporterodelacomunidad.com\/index.php\/wp-json\/wp\/v2\/media?parent=23492"}],"wp:term":[{"taxonomy":"category","embeddable":true,"href":"https:\/\/elreporterodelacomunidad.com\/index.php\/wp-json\/wp\/v2\/categories?post=23492"},{"taxonomy":"post_tag","embeddable":true,"href":"https:\/\/elreporterodelacomunidad.com\/index.php\/wp-json\/wp\/v2\/tags?post=23492"}],"curies":[{"name":"wp","href":"https:\/\/api.w.org\/{rel}","templated":true}]}}